{"id":94849,"date":"2019-11-25T05:29:30","date_gmt":"2019-11-25T05:29:30","guid":{"rendered":"http:\/\/plazajuarez.mx\/index\/index.php\/2019\/11\/25\/alfil-negro-1675\/"},"modified":"2019-11-25T05:29:30","modified_gmt":"2019-11-25T05:29:30","slug":"alfil-negro-1675","status":"publish","type":"post","link":"https:\/\/plazajuarez.mx\/historico\/alfil-negro-1675\/","title":{"rendered":"ALFIL NEGRO"},"content":{"rendered":"<p>ABORTO <br \/>La iniciativa para legalizar el aborto hasta la semana 12 de gestaci\u00f3n, con precisiones sobre el derecho de m\u00e9dicos a no realizarlo por objeci\u00f3n de conciencia, que en el fondo debe ser por\u00a0 convicciones religiosas y otros temas que hablan de la obligaci\u00f3n del estado para atender estos casos, se aprob\u00f3 la semana pasada en la sesi\u00f3n de comisiones conjuntas de Legislaci\u00f3n y Puntos constitucionales y la de justicia, con una votaci\u00f3n\u00a0 que refleja la gran divisi\u00f3n que hay sobre el aborto en el Congreso estatal, pues de acuerdo a la votaci\u00f3n\u00a0 fueron 5 votos a favor, 2 en contra y 2 abstenciones, con la significativa ausencia de la diputada Roxana Montealegre, presidenta de la Comisi\u00f3n\u00a0 de Legislaci\u00f3n, que de muchas maneras se ha manifestado en contra de esta iniciativa, o por lo menos eso se puede pensar.<\/p>\n<p>  <!--more-->  <\/p>\n<p>Su real manera de ver ya se conocer\u00e1 cuando, eso se dice, se lleve al pleno esta decisi\u00f3n de las comisiones para su discusi\u00f3n y posible aprobaci\u00f3n o rechazo. <br \/>Desde luego no es una decisi\u00f3n f\u00e1cil, porque en un tema tan delicado se supone que es una medida que nace de la convicci\u00f3n personal de cada uno de los 30 diputados, en que con todo lo importante que es, lo que les mande u ordene su partido, parece que debe verse como una opini\u00f3n a la hora de votar y no que otros decidieran por ellos por razones de compromisos pol\u00edticos, por no soltar la bandera de partido moderno y en el peor de los casos por cuestiones electorales.<br \/>Lamentable ser\u00eda que los se\u00f1ores diputados tuvieran como raz\u00f3n del voto el no querer pasar como retr\u00f3gradas y por el contrario ganar la fama de que por su voto Hidalgo es la tercera entidad en la Rep\u00fablica en aprobar el aborto y verse con un rato de fama de gente de avanzada. <br \/>No parece raz\u00f3n definitiva la presi\u00f3n de las pa\u00f1oletas, sean verdes o azules, aunque deben contar como opiniones, rengl\u00f3n en el que tambi\u00e9n deben contar los asuntos de conciencia, porque este aspecto es parte de nuestra existencia y fuente de valores, aunque haya quien no lo quiera ver as\u00ed.<br \/>Es una realidad, existe y no se puede borrar por extremismos la convicci\u00f3n de creencia religiosa sobre la vida.<br \/>El aborto no es una causa que genere el fen\u00f3meno sobre la materia, se ve que es un efecto para remediar lo que provocan los efectos reales que se deben atender con urgencia: fundamentalmente una adecuada Educaci\u00f3n Sexual que por lo que se ve no se atiende adecuadamente, aparte de ambientes que provocan relaciones con una natalidad que al parecer se quiere resolver en sus efectos y no en sus causas.<br \/>Desde luego es un punto de vista nada m\u00e1s <br \/>Lo que se ve es que no hay un sentir homog\u00e9neo de parte de los diputados sobre el aborto y que si bien hay impulsores a favor, los que se oponen no son pocos .<br \/>Los del PAN claramente est\u00e1n en contra, lo mismo que el PRI y algunos del PANAL y no se pueden cerrar los ojos para ver que algunos del Grupo Universidad no est\u00e1n convencidos para aprobar el aborto.<br \/>Lo que est\u00e1 en juego es el valor m\u00e1s grande del ser humano que es la vida y ya se sabe que con la vida no se juega, sobre todo con los m\u00e1s indefensos.<br \/>De los dos lados hay argumentos que se dicen de peso y fuertes.<br \/>Se supone que ya le preguntaron a los que mandan que son los ciudadanos, en unos foros que hicieron para saber qu\u00e9 piensan sobre el aborto.<br \/>Si de verdad el pueblo manda , hagan lo que el pueblo decida aunque no grite en manifestaciones o lleve al cuello pa\u00f1oletas verdes o azules. <br \/>Si van a decidir sin tomar en cuenta la voz popular, hagan lo que quieran.<br \/>El tiempo, nuestra historia y los resultados pondr\u00e1n a cada quien en su lugar.<br \/>No es asunto f\u00e1cil y las convicciones deben pesar sobre otras fuentes de poder.<\/p>\n","protected":false},"excerpt":{"rendered":"<p>ABORTO La iniciativa para legalizar el aborto hasta la semana 12 de gestaci\u00f3n, con precisiones sobre el derecho de m\u00e9dicos a no realizarlo por objeci\u00f3n de conciencia, que en el fondo debe ser por\u00a0 convicciones religiosas y otros temas que hablan de la obligaci\u00f3n del estado para atender estos casos, se aprob\u00f3 la semana pasada [&hellip;]<\/p>\n","protected":false},"author":93,"featured_media":0,"comment_status":"open","ping_status":"open","sticky":false,"template":"","format":"standard","meta":{"footnotes":""},"categories":[48],"tags":[],"class_list":["post-94849","post","type-post","status-publish","format-standard","hentry","category-adalberto-peralta"],"_links":{"self":[{"href":"https:\/\/plazajuarez.mx\/historico\/wp-json\/wp\/v2\/posts\/94849","targetHints":{"allow":["GET"]}}],"collection":[{"href":"https:\/\/plazajuarez.mx\/historico\/wp-json\/wp\/v2\/posts"}],"about":[{"href":"https:\/\/plazajuarez.mx\/historico\/wp-json\/wp\/v2\/types\/post"}],"author":[{"embeddable":true,"href":"https:\/\/plazajuarez.mx\/historico\/wp-json\/wp\/v2\/users\/93"}],"replies":[{"embeddable":true,"href":"https:\/\/plazajuarez.mx\/historico\/wp-json\/wp\/v2\/comments?post=94849"}],"version-history":[{"count":0,"href":"https:\/\/plazajuarez.mx\/historico\/wp-json\/wp\/v2\/posts\/94849\/revisions"}],"wp:attachment":[{"href":"https:\/\/plazajuarez.mx\/historico\/wp-json\/wp\/v2\/media?parent=94849"}],"wp:term":[{"taxonomy":"category","embeddable":true,"href":"https:\/\/plazajuarez.mx\/historico\/wp-json\/wp\/v2\/categories?post=94849"},{"taxonomy":"post_tag","embeddable":true,"href":"https:\/\/plazajuarez.mx\/historico\/wp-json\/wp\/v2\/tags?post=94849"}],"curies":[{"name":"wp","href":"https:\/\/api.w.org\/{rel}","templated":true}]}}