{"id":94848,"date":"2019-11-25T05:29:28","date_gmt":"2019-11-25T05:29:28","guid":{"rendered":"http:\/\/plazajuarez.mx\/index\/index.php\/2019\/11\/25\/nuevos-tiempos-en-la-informacion\/"},"modified":"2019-11-25T05:29:28","modified_gmt":"2019-11-25T05:29:28","slug":"nuevos-tiempos-en-la-informacion","status":"publish","type":"post","link":"https:\/\/plazajuarez.mx\/historico\/nuevos-tiempos-en-la-informacion\/","title":{"rendered":"Nuevos tiempos en la informaci\u00f3n"},"content":{"rendered":"<p>RETRATOS HABLADOS<\/p>\n<p>\u00a0\u00a0 \u2022\u00a0\u00a0 \u00a0Quien haya visto trabajar una rotativa, estar\u00e1 cierto que se trata de un algo m\u00e1gico, \u00fanico\u2028<\/p>\n<p>  <!--more-->  <\/p>\n<p>Ha quedado poco espacio para la reflexi\u00f3n en los medios informativos de estos tiempos, porque hay prisa y un nulo inter\u00e9s por ir m\u00e1s all\u00e1 de hojear los encabezados que aparecen en el celular, mirar un video que siempre tendr\u00e1 que ser en torno a enfrentamientos de manifestantes con la polic\u00eda, incendios, atropellados, guerra, terremotos, muerte, mucha muerte.<br \/>\u00a0\u00a0 \u00a0Sin embargo es imposible sustraerse a esta modernidad que d\u00eda con d\u00eda cobra m\u00e1s v\u00edctimas, entre ellas al grupo selecto de hombres y mujeres que dedican la noche y madrugada a confeccionar la vestimenta con la que al otro d\u00eda se presentar\u00e1 a la sociedad, el festejado de vida ef\u00edmera que es el peri\u00f3dico impreso.<br \/>\u00a0\u00a0 \u00a0Quien haya visto trabajar una rotativa, estar\u00e1 cierto que se trata de un algo m\u00e1gico, \u00fanico, porque de la pantalla logra escaparse algo vivo, que corre a velocidad vertiginosa en los rodillos de impresi\u00f3n para salir dibujado en papel, en ejemplares que tendr\u00e1n su destino particular.<br \/>\u00a0\u00a0 \u00a0Ahora todo lo se\u00f1alado se queda en el monitor, en esquemas que dif\u00edcilmente cambian porque se rellenan a toda prisa, y la vida de ese personaje que intenta asumirse como \u00fanico, no dura siquiera hasta el mediod\u00eda como los impresos que se empiezan a poner amarillos con el sol. No, su vida es de minutos, a veces segundos y ya, esa es su historia.<br \/>\u00a0\u00a0 \u00a0Y si la noticia es tan veloz, apenas posible de ver, los art\u00edculos de reflexi\u00f3n empiezan a ser cosa del pasado, porque la prisa es contraria a la posibilidad de analizar, pensar en torno a los tantos fen\u00f3menos que nos afectan directamente. Se trata de una competencia tan descarnada, que no son pocos los que se lanzan con versiones no confirmadas y crean una idea equivocada de que el periodismo digital o en internet, puede mentir a su gusto, porque \u201cllevaba prisa\u201d.<br \/>\u00a0\u00a0 \u00a0De este modo no pasa d\u00eda sin que alguien sea atropellado por esos conductores locos, que \u00faltimamente ya ni siquiera piden perd\u00f3n o se hacen responsables por el da\u00f1o ocasionado. Todo se vale, as\u00ed dicen algunos.<br \/>\u00a0\u00a0 \u00a0Pero ese es el futuro, el presente. Un paso adelante, dos atr\u00e1s. Pero es irremediable. <br \/>\u00a0\u00a0 \u00a0Los lectores de peri\u00f3dicos son una generaci\u00f3n que est\u00e1 de salida, que incluso cada vez lee menos, y que tampoco lograron que sus herederos hayan adquirido el gusto por la lectura.<br \/>\u00a0\u00a0 \u00a0Y ahora es el tiempo de los tel\u00e9fonos inteligentes. Porque ni las pantallas grandes de una computadora, ni las tabletas. Todo se reduce al celular, a sentirse informado con una simple hojeada de alguno de tantos medios que existen.<br \/>\u00a0\u00a0 \u00a0Pero no hay remedio.<br \/>\u00a0\u00a0 \u00a0Y es dif\u00edcil encontrar un punto medio en que el atragantamiento por informaci\u00f3n desaparezca en definitiva la posibilidad de reflexionar, de pensar. Tal vez no lo haya.<br \/>\u00a0\u00a0 \u00a0Sin embargo es de esperarse que a la marabunta de noticias, surja en los mismos medios modernos esa posibilidad de caminar un poco m\u00e1s lento, y pensar, simplemente pensar.<br \/>Mil gracias, hasta ma\u00f1ana.<\/p>\n<p>jeperalta@gmail.com<br \/>@JavierEPeralta<\/p>\n<p><\/p>\n","protected":false},"excerpt":{"rendered":"<p>RETRATOS HABLADOS \u00a0\u00a0 \u2022\u00a0\u00a0 \u00a0Quien haya visto trabajar una rotativa, estar\u00e1 cierto que se trata de un algo m\u00e1gico, \u00fanico\u2028<\/p>\n","protected":false},"author":93,"featured_media":0,"comment_status":"open","ping_status":"open","sticky":false,"template":"","format":"standard","meta":{"footnotes":""},"categories":[49],"tags":[],"class_list":["post-94848","post","type-post","status-publish","format-standard","hentry","category-javier-peralta"],"_links":{"self":[{"href":"https:\/\/plazajuarez.mx\/historico\/wp-json\/wp\/v2\/posts\/94848","targetHints":{"allow":["GET"]}}],"collection":[{"href":"https:\/\/plazajuarez.mx\/historico\/wp-json\/wp\/v2\/posts"}],"about":[{"href":"https:\/\/plazajuarez.mx\/historico\/wp-json\/wp\/v2\/types\/post"}],"author":[{"embeddable":true,"href":"https:\/\/plazajuarez.mx\/historico\/wp-json\/wp\/v2\/users\/93"}],"replies":[{"embeddable":true,"href":"https:\/\/plazajuarez.mx\/historico\/wp-json\/wp\/v2\/comments?post=94848"}],"version-history":[{"count":0,"href":"https:\/\/plazajuarez.mx\/historico\/wp-json\/wp\/v2\/posts\/94848\/revisions"}],"wp:attachment":[{"href":"https:\/\/plazajuarez.mx\/historico\/wp-json\/wp\/v2\/media?parent=94848"}],"wp:term":[{"taxonomy":"category","embeddable":true,"href":"https:\/\/plazajuarez.mx\/historico\/wp-json\/wp\/v2\/categories?post=94848"},{"taxonomy":"post_tag","embeddable":true,"href":"https:\/\/plazajuarez.mx\/historico\/wp-json\/wp\/v2\/tags?post=94848"}],"curies":[{"name":"wp","href":"https:\/\/api.w.org\/{rel}","templated":true}]}}