{"id":94847,"date":"2019-11-25T05:29:24","date_gmt":"2019-11-25T05:29:24","guid":{"rendered":"http:\/\/plazajuarez.mx\/index\/index.php\/2019\/11\/25\/el-odio-de-casta\/"},"modified":"2019-11-25T05:29:24","modified_gmt":"2019-11-25T05:29:24","slug":"el-odio-de-casta","status":"publish","type":"post","link":"https:\/\/plazajuarez.mx\/historico\/el-odio-de-casta\/","title":{"rendered":"EL ODIO DE CASTA"},"content":{"rendered":"<p>CONCIENCIA CIUDADANA<\/p>\n<p>\u00a0\u00a0 \u00a0\u2022\u00a0\u00a0 \u00a0A pesar de los cambios constitucionales, la clase criolla, mantiene no solo al poder econ\u00f3mico, sino tambi\u00e9n social y cultural\u2028<\/p>\n<p>  <!--more-->  <\/p>\n<p>\u00a0\u00a0\u00a0\u00a0Esta\u00a0 Conciencia Ciudadana ha sostenido durante a\u00f1os, que la sociedad mexicana, m\u00e1s que por clases sociales, est\u00e1 organizada bajo un sistema muy bien disfrazado de castas. Y aunque al paso del tiempo se han ido configurando las clases sociales que distinguen a una sociedad moderna e industrial (clases baja, alta o media o si, se quiere, burguesa o proletaria, seg\u00fan\u00a0 sea funcionalista o marxista la clasificaci\u00f3n que se utilice); lo cierto es que la sociolog\u00eda poscolonial latinoamericana nos da la raz\u00f3n al afirmar que,\u00a0 igual que la mayor\u00eda de los pa\u00edses latinoamericanos, M\u00e9xico sigue siendo una sociedad dominada por las lacras de su pasado; que pesan como una l\u00e1pida invisible sobre nuestra gente; pues por lo general, los mexicanos negamos que seamos racistas y discriminadores.<br \/>\u00a0\u00a0\u00a0\u00a0A pesar de los cambios constitucionales, la clase criolla, mantiene no solo al poder econ\u00f3mico, sino tambi\u00e9n social y cultural sobre el resto de las castas, gracias a los sutiles mecanismos de dominio que a\u00fan pesan sobre la sociedad mexicana, transmitidos de generaci\u00f3n en generaci\u00f3n a trav\u00e9s de los medios de comunicaci\u00f3n, la religi\u00f3n y la educaci\u00f3n. <br \/>\u00a0\u00a0\u00a0Una caracter\u00edstica de la casta dominante en M\u00e9xico han sido su fascinaci\u00f3n por lo extranjero, especialmente lo europeo y norteamericano; tales como el individualismo y la competencia; la sed de \u00e9xito econ\u00f3mico; la adopci\u00f3n de sus valores art\u00edsticos, religiosos y pol\u00edticos, etc.; que no solo mantienen la hegemon\u00eda de las castas superiores; sino someten ideol\u00f3gicamente a las castas subordinadas, alentando la dependencia hacia lo criollo y el divisionismo entre las restantes.\u00a0 <br \/>\u00a0\u00a0\u00a0A pesar de la Independencia, la Reforma o la Revoluci\u00f3n, en las que el combate divisi\u00f3n social constituy\u00f3 una de sus principales banderas; las elites extranjerizantes volvieron reconquistar los privilegios perdidos en cada uno de esos movimientos. Sin ir m\u00e1s lejos, todav\u00eda es posible constatar la permanencia de personajes de las elites que durante el per\u00edodo neoliberal asaltaron en posiciones claves del gobierno de la 4T pero sobre todo la fascinaci\u00f3n ejercida por todo lo extranjero en el \u00e1mbito econ\u00f3mico, pol\u00edtico, art\u00edstico o educativo.\u00a0 <br \/>\u00a0\u00a0\u00a0\u00a0Parad\u00f3jicamente, las conferencias ma\u00f1aneras del presidente L\u00f3pez Obrador con los medios, destinadas a impulsar la vida democr\u00e1tica, han sido un espacio donde el odio de clase vuelve a resurgir auspiciada por la elite criolla; discriminaci\u00f3n de la cual no ha escapado ni el propio mandatario, quien, a lo largo de su carrera pol\u00edtica, ha sido calificado peyorativamente lo mismo de Peje (en relaci\u00f3n con el \u201cpeje lagarto\u201d, un pez de su natal Tabasco); que de Mes\u00edas Tropical (haciendo referencia a su arrastre popular y su origen suriano) o de \u201cnaco\u201d, adjetivo con que se ofende en M\u00e9xico a quienes se considera racial o socialmente inferior, o identific\u00e1ndolo simplemente como \u201cL\u00f3pez\u201d -o un apellido muy popular en M\u00e9xico-, sin agregarle el de Obrador;\u00a0 heredado de su abuelo de origen espa\u00f1ol;\u00a0 con la perversa intenci\u00f3n de disminuirlo\u00a0 socialmente al negarle siquiera el derecho de poseer una octava parte de la sangre dominante a fin de ridiculizarlo y menoscabar su ascendencia sobre las acomplejadas clases medias, siempre deseosas de identificarse con los criollos dominantes.\u00a0\u00a0\u00a0 <br \/>\u00a0\u00a0\u00a0Hace pocos d\u00edas el primer presidente ind\u00edgena de Bolivia, Evo Morales, fue destituido mediante una campa\u00f1a de odio hacia su gobierno plurirracial. Los pol\u00edticos y militares golpistas, pertenecientes o asociados a las castas privilegiadas fueron apoyados por sectores clasemedieros que ven como un peligro el crecimiento pol\u00edtico y social de los pueblos ind\u00edgenas alcanzado pac\u00edficamente durante el gobierno de Evo; evidenciando as\u00ed su subordinaci\u00f3n a la ideolog\u00eda de castas que se mantiene como una maldici\u00f3n de la que no han podido desprenderse nuestros pa\u00edses ni\u00a0 los gobiernos m\u00e1s progresistas que hemos tenido.\u00a0 <br \/>Hace falta pues, desarrollar una Conciencia Ciudadana m\u00e1s firme, a fin de derrotar esta terrible maldici\u00f3n heredada por el colonialismo, tan incrustada como est\u00e1 en nuestras mentes y costumbres sociales. Se trata sin lugar a dudas de una materia pendiente en nuestra historia que la actual transformaci\u00f3n nacional no debe pasar por alto y que esta Conciencia Ciudadana seguir\u00e1 llevando a cabo. <br \/>\u00a1Y RECUERDEN QUE VIVOS SE LOS LLEVARON Y VIVOS LOS QUEREMOS CON NOSOTROS!<\/p>\n","protected":false},"excerpt":{"rendered":"<p>CONCIENCIA CIUDADANA \u00a0\u00a0 \u00a0\u2022\u00a0\u00a0 \u00a0A pesar de los cambios constitucionales, la clase criolla, mantiene no solo al poder econ\u00f3mico, sino tambi\u00e9n social y cultural\u2028<\/p>\n","protected":false},"author":93,"featured_media":0,"comment_status":"open","ping_status":"open","sticky":false,"template":"","format":"standard","meta":{"footnotes":""},"categories":[55],"tags":[],"class_list":["post-94847","post","type-post","status-publish","format-standard","hentry","category-miguel-angel-serna"],"_links":{"self":[{"href":"https:\/\/plazajuarez.mx\/historico\/wp-json\/wp\/v2\/posts\/94847","targetHints":{"allow":["GET"]}}],"collection":[{"href":"https:\/\/plazajuarez.mx\/historico\/wp-json\/wp\/v2\/posts"}],"about":[{"href":"https:\/\/plazajuarez.mx\/historico\/wp-json\/wp\/v2\/types\/post"}],"author":[{"embeddable":true,"href":"https:\/\/plazajuarez.mx\/historico\/wp-json\/wp\/v2\/users\/93"}],"replies":[{"embeddable":true,"href":"https:\/\/plazajuarez.mx\/historico\/wp-json\/wp\/v2\/comments?post=94847"}],"version-history":[{"count":0,"href":"https:\/\/plazajuarez.mx\/historico\/wp-json\/wp\/v2\/posts\/94847\/revisions"}],"wp:attachment":[{"href":"https:\/\/plazajuarez.mx\/historico\/wp-json\/wp\/v2\/media?parent=94847"}],"wp:term":[{"taxonomy":"category","embeddable":true,"href":"https:\/\/plazajuarez.mx\/historico\/wp-json\/wp\/v2\/categories?post=94847"},{"taxonomy":"post_tag","embeddable":true,"href":"https:\/\/plazajuarez.mx\/historico\/wp-json\/wp\/v2\/tags?post=94847"}],"curies":[{"name":"wp","href":"https:\/\/api.w.org\/{rel}","templated":true}]}}