{"id":94845,"date":"2019-11-25T05:29:21","date_gmt":"2019-11-25T05:29:21","guid":{"rendered":"http:\/\/plazajuarez.mx\/index\/index.php\/2019\/11\/25\/bolivia-la-venas-abiertas-de-america-latina\/"},"modified":"2019-11-25T05:29:21","modified_gmt":"2019-11-25T05:29:21","slug":"bolivia-la-venas-abiertas-de-america-latina","status":"publish","type":"post","link":"https:\/\/plazajuarez.mx\/historico\/bolivia-la-venas-abiertas-de-america-latina\/","title":{"rendered":"Bolivia, la \u201cvenas abiertas de Am\u00e9rica Latina\u201d"},"content":{"rendered":"<p>N\u00daMEROS CLAROS <br \/>\u00a0\u00a0 \u00a0\u2022\u00a0\u00a0 \u00a0La OEA y la Uni\u00f3n Europea han mostrado que no tiene inter\u00e9s en hacer valer la legalidad, mientras que el enviado especial de la ONU parece estar atrapado entre esas fuerzas hostiles\u2028<br \/>\u00a0<\/p>\n<p>  <!--more-->  <\/p>\n<p>Jos\u00e9 Luis ORTIZ SANTILL\u00c1NEl Secretario General de la Organizaci\u00f3n de Estados Americanos (OEA), Luis Almagro, parece estar determinado en dise\u00f1ar el rumbo de la democracia en Am\u00e9rica Latina y el Caribe. Almagro ha dicho que en \u201cBolivia hubo un golpe de Estado cuando Evo Morales cometi\u00f3 fraude electoral\u201d, pero tambi\u00e9n sobre Brasil, Colombia, Ecuador y Venezuela, ha externado su posici\u00f3n en contra de los movimientos sociales, de la izquierda y a favor de los movimientos de derecha.<br \/>El paraguayo nacido en Paysand\u00fa y llegado a la OEA, sabe bien a quien necesita venderle su \u201calma\u201d y con quien debe aliarse para trascender. Almagro ha estado a lado de los gobiernos de derecha y ha sido un art\u00edfice del \u201cGrupo de Lima\u201d, donde M\u00e9xico ya no est\u00e1 por fortuna; pero ahora en Bolivia se ha convertido en el verdadero promotor del golpe de Estado, al traicionar la confianza que el presidente Evo Morales y su gobierno depositaron en \u00e9l para auditar las elecciones presidenciales cuestionadas por la oposici\u00f3n; pues no entreg\u00f3 los resultados de auditor\u00eda, sino que alent\u00f3 con sus declaraciones la asonada c\u00edvico-militar, apoyando a la derecha racista a hacerse con el poder, evidenciando la neutralidad de la OEA.<br \/>La OEA y la Uni\u00f3n Europea (UE) han mostrado que no tiene inter\u00e9s en hacer valer la legalidad, mientras que el enviado especial de la ONU parece estar atrapado entre esas fuerzas hostiles a la democracia. Si realmente la OEA, la UE y la ONU quisieran contribuir al restablecimiento de la democracia en Bolivia, desde hace tiempo debieron haber apostado por garantizar el funcionamiento normal de la C\u00e1mara de Diputados y Senadores, pero no apoyar al min\u00fasculo sector de la oposici\u00f3n de ambas c\u00e1maras para que sean ellos que decidan el futuro de Bolivia.<br \/>Hoy Bolivia se encuentra dividido no s\u00f3lo en su poblaci\u00f3n, no s\u00f3lo ideol\u00f3gicamente, sino que existen dos gobiernos; por un lado, lo que queda del gobierno democr\u00e1ticamente electo operando en la C\u00e1mara de Diputados y Senadores, integradas por la mayor\u00eda del Movimiento al Socialismo del presidente Morales; mientras que por otro, se encuentra la minor\u00eda de la oposici\u00f3n intentando, ilegalmente, de formular leyes y decretos sin valor constitucional, para detener la manifestaciones en contra del gobierno de facto y convocar nuevas elecciones.<br \/>Por ahora nadie quiere ver el verdadero trasfondo del golpe de Estado en Bolivia. No solo se trata de tres mandatos constitucionales de gobiernos ind\u00edgenas, sino de a\u00f1os en los cuales la explotaci\u00f3n de los innumerables recursos naturales pas\u00f3 a poder del gobierno, haciendo a un lado las trasnacionales y cerrando la puerta a la posibilidad de explotar las enormes reservas de litio (75% de las reservas mundiales se ubican en Bolivia, Chile y Argentina), principal fuente de energ\u00eda para los autos el\u00e9ctricos. Pero tambi\u00e9n fueron a\u00f1os de crecimiento y desarrollo de los pueblos originarios de Bolivia, de su acceso a la educaci\u00f3n, a la salud y al gobierno, algo que los blancos y mestizos bolivianos no perdonan al presidente Evo Morales.<br \/>Aunque parezca descabellado en medio de la crisis de gobernabilidad en Bolivia y la prioridad de estabilizar ese pa\u00eds, conformar una Comisi\u00f3n de la Verdad deber\u00e1 ser un imperativo de cualquier gobierno que llegue al poder. Este golpe de Estado estuvo orquestado por la OEA y la derecha boliviana bajo el pretexto de fraude electoral, bien requiere que por justicia a los ca\u00eddos en las manifestaciones y a los miles de manifestantes que hemos visto protestar en las ciudades de Bolivia contra el gobierno de facto, se instaure una Comisi\u00f3n de la Verdad compuesta por personalidades de pa\u00edses neutrales en el conflicto.<br \/>El presidente Evo Morales ha dicho sobre la integraci\u00f3n de la Comisi\u00f3n de la Verdad propuesta, que deber\u00e1 estar\u00e1 conformado por varias personalidades de la comunidad internacional; cuyo objetivo sea \u201cverificar si evidentemente hubo fraude\u201d o no en Bolivia, porque a partir del supuesto fraude se ha producido la divisi\u00f3n social y los enfrentamientos entre ciudadanos, polic\u00edas y miembros del ej\u00e9rcito. Al respecto el presidente Evo Morales, exiliado en M\u00e9xico, se\u00f1al\u00f3: \u201cVamos a conformar una Comisi\u00f3n de la Verdad con personalidades internacionales para verificar si evidentemente hubo fraude. Hemos tenido acceso a dos informes t\u00e9cnicos de instituciones serias y renombradas que demuestran que hemos ganado en primera vuelta.\u201d, precis\u00f3 el mi\u00e9rcoles en una conferencia de prensa.<br \/>Sin embargo, a 12 d\u00edas del golpe de Estado en Bolivia, las protestas contin\u00faan en la Ciudad de El Alto, La Paz y Oruro. Todos los sectores y organizaciones se est\u00e1n movilizando en Bolivia para exigir la vuelta a la democracia y el fin del gobierno de facto, encabezado por la senadora Jeanine \u00c1\u00f1ez, autoproclamada presidente interina, quien desconoce el trabajo que realiza constitucionalmente la C\u00e1mara de Diputados y Senadores, a fin de instalar un nuevo tribunal electoral y convocar a nuevas elecciones.<br \/>Al margen de todo, si se realizan elecciones democr\u00e1ticas en Bolivia, si son justas, dif\u00edcilmente podr\u00e1 ganar la oposici\u00f3n, frente a un pueblo mayoritariamente ind\u00edgena que ha sido lacerado en su dignidad y s\u00edmbolos, como la Wiphala y la Pacha Mama, despu\u00e9s que los golpistas proclamaran abiertamente que, con el golpe de Estado sal\u00eda del palacio de gobierno la Pacha Mama y entraba la biblia, arriando la Wiphala, rompi\u00e9ndola, orin\u00e1ndola y quem\u00e1ndola.<\/p>\n","protected":false},"excerpt":{"rendered":"<p>N\u00daMEROS CLAROS \u00a0\u00a0 \u00a0\u2022\u00a0\u00a0 \u00a0La OEA y la Uni\u00f3n Europea han mostrado que no tiene inter\u00e9s en hacer valer la legalidad, mientras que el enviado especial de la ONU parece estar atrapado entre esas fuerzas hostiles\u2028\u00a0<\/p>\n","protected":false},"author":93,"featured_media":0,"comment_status":"open","ping_status":"open","sticky":false,"template":"","format":"standard","meta":{"footnotes":""},"categories":[45],"tags":[],"class_list":["post-94845","post","type-post","status-publish","format-standard","hentry","category-jose-luis-ortiz-santillan"],"_links":{"self":[{"href":"https:\/\/plazajuarez.mx\/historico\/wp-json\/wp\/v2\/posts\/94845","targetHints":{"allow":["GET"]}}],"collection":[{"href":"https:\/\/plazajuarez.mx\/historico\/wp-json\/wp\/v2\/posts"}],"about":[{"href":"https:\/\/plazajuarez.mx\/historico\/wp-json\/wp\/v2\/types\/post"}],"author":[{"embeddable":true,"href":"https:\/\/plazajuarez.mx\/historico\/wp-json\/wp\/v2\/users\/93"}],"replies":[{"embeddable":true,"href":"https:\/\/plazajuarez.mx\/historico\/wp-json\/wp\/v2\/comments?post=94845"}],"version-history":[{"count":0,"href":"https:\/\/plazajuarez.mx\/historico\/wp-json\/wp\/v2\/posts\/94845\/revisions"}],"wp:attachment":[{"href":"https:\/\/plazajuarez.mx\/historico\/wp-json\/wp\/v2\/media?parent=94845"}],"wp:term":[{"taxonomy":"category","embeddable":true,"href":"https:\/\/plazajuarez.mx\/historico\/wp-json\/wp\/v2\/categories?post=94845"},{"taxonomy":"post_tag","embeddable":true,"href":"https:\/\/plazajuarez.mx\/historico\/wp-json\/wp\/v2\/tags?post=94845"}],"curies":[{"name":"wp","href":"https:\/\/api.w.org\/{rel}","templated":true}]}}