{"id":94841,"date":"2019-11-24T20:51:20","date_gmt":"2019-11-24T20:51:20","guid":{"rendered":"http:\/\/plazajuarez.mx\/index\/index.php\/2019\/11\/24\/lebaron-piden-a-eu-que-designe-a-carteles-de-droga-como-terroristas\/"},"modified":"2019-11-24T20:51:20","modified_gmt":"2019-11-24T20:51:20","slug":"lebaron-piden-a-eu-que-designe-a-carteles-de-droga-como-terroristas","status":"publish","type":"post","link":"https:\/\/plazajuarez.mx\/historico\/lebaron-piden-a-eu-que-designe-a-carteles-de-droga-como-terroristas\/","title":{"rendered":"LeBar\u00f3n piden a EU que designe a c\u00e1rteles de droga como terroristas"},"content":{"rendered":"<p>La familia LeBar\u00f3n solicit\u00f3 al gobierno de Estados Unidos que designe a los c\u00e1rteles de droga de M\u00e9xico como organizaciones terroristas extranjeras, luego del asesinato de nueve miembros de esta comunidad en los l\u00edmites de Sonora y Chihuahua. <!--more--> <\/p>\n<p>  En la petici\u00f3n, difundida por la Casa Blanca, la familia LeBar\u00f3n se\u00f1ala que los c\u00e1rteles dirigen las principales redes de trata de personas, adem\u00e1s secuestran y extorsionan con total impunidad en M\u00e9xico.<\/p>\n<p>  &#8220;Sus actos desenfrenados de violencia y asesinatos han invadido nuestras fronteras y creado una crisis internacional&#8221;, indican.<\/p>\n<p>  Agrega que los c\u00e1rteles controlan el flujo de opioides, hero\u00edna, metanfetaminas, coca\u00edna, fentanilo ultra mortal y todas las dem\u00e1s drogas ilegales que se introducen de contrabando a los Estados Unidos desde M\u00e9xico.<\/p>\n<p>  &#8220;Con recursos aparentemente ilimitados, ha resultado casi imposible detenerlos&#8221;, se\u00f1alan en la petici\u00f3n al gobierno de Donald Trump.<\/p>\n<p>  Aseguran que cada a\u00f1o hay aproximadamente 35% m\u00e1s asesinatos en M\u00e9xico cometidos por los c\u00e1rteles de drogas.<\/p>\n<p>  &#8220;No podemos permitirnos continuar con las mismas pol\u00edticas fallidas que se usan para combatir el crimen organizado. \u00a1Son terroristas, y es hora de reconocerlo!&#8221;, expresan en la petici\u00f3n.<\/p>\n<p>  La familia tambi\u00e9n difundi\u00f3 un video de lo que pas\u00f3 luego del ataque el pasado 4 de noviembre.<\/p>\n<p>  <b>Ataque a la familia LeBar\u00f3n<\/b><\/p>\n<p>  El 4 de noviembre, miembros de la familia LeBar\u00f3n y Langford fueron v\u00edctimas de una emboscada por parte de grupos delictivos en los l\u00edmites de Sonora y Chihuahua. En el ataque murieron tres mujeres y nueve ni\u00f1os.<\/p>\n<p>  Seg\u00fan el Gobierno mexicano, el brutal crimen podr\u00eda deberse a un choque entre c\u00e1rteles que se disputan la regi\u00f3n.<\/p>\n<p>  Con fusiles de alto calibre, acribillaron a balazos las camionetas a pesar de los gritos de terror de las madres, que no lograron proteger a sus hijos.<\/p>\n<p>  El suceso dej\u00f3 un saldo de nueve personas muertas, seis de ellos ni\u00f1os, y cinco ni\u00f1os sobrevivientes que fueron trasladados a un hospital cercano en Estados Unidos.<\/p>\n","protected":false},"excerpt":{"rendered":"<p>La familia LeBar\u00f3n solicit\u00f3 al gobierno de Estados Unidos que designe a los c\u00e1rteles de droga de M\u00e9xico como organizaciones terroristas extranjeras, luego del asesinato de nueve miembros de esta comunidad en los l\u00edmites de Sonora y Chihuahua.<\/p>\n","protected":false},"author":6,"featured_media":0,"comment_status":"open","ping_status":"open","sticky":false,"template":"","format":"standard","meta":{"footnotes":""},"categories":[36],"tags":[],"class_list":["post-94841","post","type-post","status-publish","format-standard","hentry","category-nacion"],"_links":{"self":[{"href":"https:\/\/plazajuarez.mx\/historico\/wp-json\/wp\/v2\/posts\/94841","targetHints":{"allow":["GET"]}}],"collection":[{"href":"https:\/\/plazajuarez.mx\/historico\/wp-json\/wp\/v2\/posts"}],"about":[{"href":"https:\/\/plazajuarez.mx\/historico\/wp-json\/wp\/v2\/types\/post"}],"author":[{"embeddable":true,"href":"https:\/\/plazajuarez.mx\/historico\/wp-json\/wp\/v2\/users\/6"}],"replies":[{"embeddable":true,"href":"https:\/\/plazajuarez.mx\/historico\/wp-json\/wp\/v2\/comments?post=94841"}],"version-history":[{"count":0,"href":"https:\/\/plazajuarez.mx\/historico\/wp-json\/wp\/v2\/posts\/94841\/revisions"}],"wp:attachment":[{"href":"https:\/\/plazajuarez.mx\/historico\/wp-json\/wp\/v2\/media?parent=94841"}],"wp:term":[{"taxonomy":"category","embeddable":true,"href":"https:\/\/plazajuarez.mx\/historico\/wp-json\/wp\/v2\/categories?post=94841"},{"taxonomy":"post_tag","embeddable":true,"href":"https:\/\/plazajuarez.mx\/historico\/wp-json\/wp\/v2\/tags?post=94841"}],"curies":[{"name":"wp","href":"https:\/\/api.w.org\/{rel}","templated":true}]}}