{"id":94737,"date":"2019-11-23T15:01:30","date_gmt":"2019-11-23T15:01:30","guid":{"rendered":"http:\/\/plazajuarez.mx\/index\/index.php\/2019\/11\/23\/mujeres-empoderadas\/"},"modified":"2019-11-23T15:01:30","modified_gmt":"2019-11-23T15:01:30","slug":"mujeres-empoderadas","status":"publish","type":"post","link":"https:\/\/plazajuarez.mx\/historico\/mujeres-empoderadas\/","title":{"rendered":"Mujeres empoderadas"},"content":{"rendered":"<p>\u00a0<\/p>\n<p>El empoderamiento de las mujeres tiene que comenzar desde la familia y consolidarse en el \u00e1mbito laboral, impulsando un salario igual para trabajo igual<\/p>\n<p>  <!--more-->  <\/p>\n<p>\u00a0<\/p>\n<p>\u00bfCu\u00e1les son las grandes asignaturas pendientes de la sociedad mexicana? La lista es muy larga, pero tengo para m\u00ed que abatir el machismo y la discriminaci\u00f3n contra las mujeres la encabezan.<\/p>\n<p>El empoderamiento de las mujeres tiene que comenzar desde la familia y consolidarse en el \u00e1mbito laboral, impulsando un salario igual para trabajo igual. La libertad de las mujeres comienza con su emancipaci\u00f3n econ\u00f3mica, nos recuerdan abundantes testimonios.<\/p>\n<p>Organismos p\u00fablicos como el Consejo Nacional para Prevenir la Discriminaci\u00f3n (Conapred) y el Instituto Nacional de las Mujeres (InMujeres), as\u00ed como numerosos organismos de la sociedad civil subrayan que la equidad de g\u00e9nero sigue siendo un anhelo distante.<\/p>\n<p>Alexandra Haas Paciuc concluy\u00f3 el 15 de noviembre su periodo de cuatro a\u00f1os (2015-2019) al frente del Conapred. Ha realizado una gran tarea en el impulso a los derechos de las mujeres trabajadoras del hogar, ind\u00edgenas, migrantes, integrantes de las comunidades LGBTQ, deportistas profesionales, entre muchas otras.<\/p>\n<p>Aun cuando la violencia de g\u00e9nero contra las mujeres se da en hogares y \u00e1mbitos de todos los niveles de ingreso, las mujeres con m\u00e1s alto nivel de estudios y por consiguiente m\u00e1s independencia econ\u00f3mica, tienen mayor margen para defenderse y para romper el c\u00edrculo vicioso que las obliga a tolerar el maltrato y la discriminaci\u00f3n.<\/p>\n<p>La nueva presidenta de Conapred para el cuatrienio 2019-2023 es M\u00f3nica Maccise Duayhe, quien viene de una exitosa gesti\u00f3n como secretaria t\u00e9cnica del Instituto Nacional de las Mujeres.<\/p>\n<p>Respetando su confidencialidad, reproduzco aqu\u00ed testimonios de numerosas mujeres de base en reuniones de trabajo en distintas entidades federativas. Se trata de mujeres orgullosas de su diversidad, que cuestionan lo establecido, que ejercen sus derechos y al mismo tiempo enfrentan muchas resistencias.<\/p>\n<p>&#8220;Cada una de nosotras tiene una historia. Hay que aprovechar en lo que coincidimos y respetar las diversas formas de trabajar. Aqu\u00ed estamos mujeres en situaci\u00f3n de pobreza, pero con ganas de salir adelante, entusiastas por llegar todas al parejo, juntas&#8221;.<\/p>\n<p>&#8220;Somos mujeres de varias generaciones. Lo m\u00e1s importante es reconocernos entre nosotras. Las mayores aprendemos de las j\u00f3venes las ganas de hacer las cosas. Quiz\u00e1 podemos decir que algunas de nosotras vamos de salida, pero lo que hicimos antes deja huella. Nos toca dar continuidad a la sabidur\u00eda de quienes vinieron antes que nosotras&#8221;.<\/p>\n<p>&#8220;Las mujeres cuidamos a toda la familia: a los padres, esposos, hijos, y cuando nos enfermamos nadie se hace cargo de nosotras&#8221;.<\/p>\n<p>&#8220;Nuestro principal problema es la violencia machista, que limita a las mujeres para estudiar, o para acceder a un trabajo pues todav\u00eda tienen que pedirle permiso al marido. Mi pap\u00e1 le dijo a mi mam\u00e1: no la mandes a la escuela, no necesita estudiar, porque se va a casar y s\u00f3lo va a atender a un hombre. Afortunadamente mi mam\u00e1 no lo escuch\u00f3 y pude estudiar y superarme. La parte cultural es un alto porcentaje de los problemas que tenemos&#8221;.<\/p>\n<p>&#8220;Falta una perspectiva de g\u00e9nero en la educaci\u00f3n. Los maestros y maestras deben propiciar que las ni\u00f1as sigan estudiando, que no abandonen sus estudios a una edad temprana. El analfabetismo nos deja indefensas. Tenemos que participar m\u00e1s en pol\u00edtica pues all\u00ed es donde se toman las decisiones&#8221;.<\/p>\n<p>&#8220;Un problema grave es la falta de guarder\u00edas, es importante impulsarlas, necesitamos d\u00f3nde dejar a nuestros ni\u00f1os mientras trabajamos. Adem\u00e1s, con salarios tan bajos no nos alcanza para pagar guarder\u00edas particulares&#8221;.<\/p>\n<p>Son historias personales de mujeres con un nudo en la garganta, con l\u00e1grimas en los ojos. Nos toca seguir construyendo junto con ellas los caminos para convertir el abandono, la rabia y la indignaci\u00f3n en rumbo, estrategia y poder.<\/p>\n<p>Twitter: @Carlos_Tampico<\/p>\n","protected":false},"excerpt":{"rendered":"<p>\u00a0 El empoderamiento de las mujeres tiene que comenzar desde la familia y consolidarse en el \u00e1mbito laboral, impulsando un salario igual para trabajo igual<\/p>\n","protected":false},"author":3,"featured_media":0,"comment_status":"open","ping_status":"open","sticky":false,"template":"","format":"standard","meta":{"footnotes":""},"categories":[42],"tags":[],"class_list":["post-94737","post","type-post","status-publish","format-standard","hentry","category-nuestrapalabra"],"_links":{"self":[{"href":"https:\/\/plazajuarez.mx\/historico\/wp-json\/wp\/v2\/posts\/94737","targetHints":{"allow":["GET"]}}],"collection":[{"href":"https:\/\/plazajuarez.mx\/historico\/wp-json\/wp\/v2\/posts"}],"about":[{"href":"https:\/\/plazajuarez.mx\/historico\/wp-json\/wp\/v2\/types\/post"}],"author":[{"embeddable":true,"href":"https:\/\/plazajuarez.mx\/historico\/wp-json\/wp\/v2\/users\/3"}],"replies":[{"embeddable":true,"href":"https:\/\/plazajuarez.mx\/historico\/wp-json\/wp\/v2\/comments?post=94737"}],"version-history":[{"count":0,"href":"https:\/\/plazajuarez.mx\/historico\/wp-json\/wp\/v2\/posts\/94737\/revisions"}],"wp:attachment":[{"href":"https:\/\/plazajuarez.mx\/historico\/wp-json\/wp\/v2\/media?parent=94737"}],"wp:term":[{"taxonomy":"category","embeddable":true,"href":"https:\/\/plazajuarez.mx\/historico\/wp-json\/wp\/v2\/categories?post=94737"},{"taxonomy":"post_tag","embeddable":true,"href":"https:\/\/plazajuarez.mx\/historico\/wp-json\/wp\/v2\/tags?post=94737"}],"curies":[{"name":"wp","href":"https:\/\/api.w.org\/{rel}","templated":true}]}}