{"id":94729,"date":"2019-11-22T23:43:38","date_gmt":"2019-11-22T23:43:38","guid":{"rendered":"http:\/\/plazajuarez.mx\/index\/index.php\/2019\/11\/22\/grupo-vigilara-medidas-para-erradicar-violencia-contra-mujeres\/"},"modified":"2019-11-22T23:43:38","modified_gmt":"2019-11-22T23:43:38","slug":"grupo-vigilara-medidas-para-erradicar-violencia-contra-mujeres","status":"publish","type":"post","link":"https:\/\/plazajuarez.mx\/historico\/grupo-vigilara-medidas-para-erradicar-violencia-contra-mujeres\/","title":{"rendered":"Grupo vigilar\u00e1 medidas para erradicar violencia contra mujeres"},"content":{"rendered":"<p>\u00a0<\/p>\n<p style=\"text-align: justify;\"><span style=\"font-weight: 400;\">Las secretar\u00edas que formar\u00e1n parte de este grupo son: la Secretar\u00eda de Gobierno, la Procuradur\u00eda General de Justicia de la Ciudad de M\u00e9xico, la Secretar\u00eda de Seguridad Ciudadana y la Secretar\u00eda de las Mujeres, as\u00ed como la Secretar\u00eda de Inclusi\u00f3n y Bienestar Social, la Secretar\u00eda de Salud y la Secretar\u00eda del Trabajo.<\/span><\/p>\n<p>  <!--more-->  <\/p>\n<p>\u00a0<\/p>\n<p>\u00a0<\/p>\n<p style=\"text-align: justify;\"><span style=\"font-weight: 400;\">Claudia Sheinbaum, jefa de Gobierno, inform\u00f3 que como parte de la Alerta por Violencia en Contra de las Mujeres habr\u00e1 un grupo interdisciplinario que dar\u00e1 seguimiento de las medidas que lleva a cabo el gobierno local para erradicar la violencia contra este sector, mismo en el que participar\u00e1n representantes de distintas secretar\u00edas locales, acad\u00e9micas y organizaciones de la sociedad civil.<\/span><\/p>\n<p style=\"text-align: justify;\"><span style=\"font-weight: 400;\">Adem\u00e1s se\u00f1al\u00f3 que tambi\u00e9n se invitar\u00e1 a la Comisi\u00f3n de Derechos Humanos local para que se incorpore.<\/span><\/p>\n<p style=\"text-align: justify;\"><span style=\"font-weight: 400;\">Por su parte, la secretaria de Gobierno, Rosa Icela Rodr\u00edguez, explic\u00f3 que la jefa de Gobierno tiene todas las facultades y atribuciones para decretar esta alerta y que este jueves anterior s\u00f3lo hizo el anuncio, pero su formalizaci\u00f3n ser\u00e1 a trav\u00e9s del decreto correspondiente al publicarse en la Gaceta Ocial el d\u00eda lunes 25 de noviembre, D\u00eda Internacional para la Eliminaci\u00f3n de la Violencia en Contra de las Mujeres.<\/span><\/p>\n<p style=\"text-align: justify;\"><span style=\"font-weight: 400;\">&#8220;La Secretar\u00eda de Gobierno va a conformar el grupo interinstitucional y multidisciplinario para atender la declaratoria de Alerta de G\u00e9nero, el desarrollo y el seguimiento de las tareas, el cual estar\u00e1 conformado por diferentes instancias y personas de la sociedad civil&#8221;.<\/span><\/p>\n<p style=\"text-align: justify;\"><span style=\"font-weight: 400;\">Las secretar\u00edas que formar\u00e1n parte de este grupo son: la Secretar\u00eda de Gobierno, la Procuradur\u00eda General de Justicia de la Ciudad de M\u00e9xico, la Secretar\u00eda de Seguridad Ciudadana y la Secretar\u00eda de las Mujeres, as\u00ed como la Secretar\u00eda de Inclusi\u00f3n y Bienestar Social, la Secretar\u00eda de Salud y la Secretar\u00eda del Trabajo.<\/span><\/p>\n<p style=\"text-align: justify;\"><span style=\"font-weight: 400;\">Adem\u00e1s habr\u00e1 cuatro representantes de instituciones acad\u00e9micas, seis representantes de organizaciones de la sociedad civil y la presidenta de la Comisi\u00f3n de Derechos Humanos de la Ciudad de M\u00e9xico.<\/span><\/p>\n<p style=\"text-align: justify;\"><span style=\"font-weight: 400;\">&#8220;Este grupo lo que b\u00e1sicamente har\u00e1 es estudiar y analizar la situaci\u00f3n que guarda el territorio de la Ciudad sobre la violaci\u00f3n a los derechos humanos de las mujeres y en general tendr\u00e1 que hacer acciones interinstitucionales que permitan su erradicaci\u00f3n&#8221;, coment\u00f3.<\/span><\/p>\n","protected":false},"excerpt":{"rendered":"<p>\u00a0 Las secretar\u00edas que formar\u00e1n parte de este grupo son: la Secretar\u00eda de Gobierno, la Procuradur\u00eda General de Justicia de la Ciudad de M\u00e9xico, la Secretar\u00eda de Seguridad Ciudadana y la Secretar\u00eda de las Mujeres, as\u00ed como la Secretar\u00eda de Inclusi\u00f3n y Bienestar Social, la Secretar\u00eda de Salud y la Secretar\u00eda del Trabajo.<\/p>\n","protected":false},"author":1,"featured_media":0,"comment_status":"open","ping_status":"open","sticky":false,"template":"","format":"standard","meta":{"footnotes":""},"categories":[36],"tags":[],"class_list":["post-94729","post","type-post","status-publish","format-standard","hentry","category-nacion"],"_links":{"self":[{"href":"https:\/\/plazajuarez.mx\/historico\/wp-json\/wp\/v2\/posts\/94729","targetHints":{"allow":["GET"]}}],"collection":[{"href":"https:\/\/plazajuarez.mx\/historico\/wp-json\/wp\/v2\/posts"}],"about":[{"href":"https:\/\/plazajuarez.mx\/historico\/wp-json\/wp\/v2\/types\/post"}],"author":[{"embeddable":true,"href":"https:\/\/plazajuarez.mx\/historico\/wp-json\/wp\/v2\/users\/1"}],"replies":[{"embeddable":true,"href":"https:\/\/plazajuarez.mx\/historico\/wp-json\/wp\/v2\/comments?post=94729"}],"version-history":[{"count":0,"href":"https:\/\/plazajuarez.mx\/historico\/wp-json\/wp\/v2\/posts\/94729\/revisions"}],"wp:attachment":[{"href":"https:\/\/plazajuarez.mx\/historico\/wp-json\/wp\/v2\/media?parent=94729"}],"wp:term":[{"taxonomy":"category","embeddable":true,"href":"https:\/\/plazajuarez.mx\/historico\/wp-json\/wp\/v2\/categories?post=94729"},{"taxonomy":"post_tag","embeddable":true,"href":"https:\/\/plazajuarez.mx\/historico\/wp-json\/wp\/v2\/tags?post=94729"}],"curies":[{"name":"wp","href":"https:\/\/api.w.org\/{rel}","templated":true}]}}