{"id":94727,"date":"2019-11-22T20:31:04","date_gmt":"2019-11-22T20:31:04","guid":{"rendered":"http:\/\/plazajuarez.mx\/index\/index.php\/2019\/11\/22\/mi-unica-operacion-fue-de-las-bubis-y-salio-muy-mal-barbara-de-regi\/"},"modified":"2019-11-22T20:31:04","modified_gmt":"2019-11-22T20:31:04","slug":"mi-unica-operacion-fue-de-las-bubis-y-salio-muy-mal-barbara-de-regi","status":"publish","type":"post","link":"https:\/\/plazajuarez.mx\/historico\/mi-unica-operacion-fue-de-las-bubis-y-salio-muy-mal-barbara-de-regi\/","title":{"rendered":"Mi \u00fanica operaci\u00f3n fue de las bubis y sali\u00f3 muy mal: B\u00e1rbara de Regi"},"content":{"rendered":"<p>B\u00e1rbara de Regil decidi\u00f3 enfrentar a las personas que la critican y revelar que efectivamente ha tenido una cirug\u00eda est\u00e9tica en los senos, pero que esa misma sali\u00f3 muy mal y la llev\u00f3 a tener varias cirug\u00edas durante un largo periodo, casi un a\u00f1o ocho meses. <!--more--> <\/p>\n<p> La protagonista de &#8220;Rosario Tijeras&#8221; asegur\u00f3 que la \u00fanica operaci\u00f3n que se ha hecho en la vida &#8220;fue de las bubis y esa operaci\u00f3n sali\u00f3 muy mal. <\/p>\n<p>Se me infect\u00f3 un implante porque el doctor me puso implantes usados&#8221;. El padecimiento la puso bastante mal y eso la llev\u00f3 a someterse a una cirug\u00eda con la cual seg\u00fan iba a mejorar de salud, aunque tuvo que operarse tres veces m\u00e1s, &#8220;estuve casi un a\u00f1o ocho meses en las operaciones&#8221;.<\/p>\n<p> &#8220;Sufr\u00ed much\u00edsimo&#8221;, agreg\u00f3 la mexicana antes de se\u00f1alar que tiene la nariz chueca, &#8220;y la sigo teniendo chueca tal y como se ve aqu\u00ed&#8221;, y se arregl\u00f3 los dientes de arriba. &#8220;No me opero la nariz porque me dan miedo las operaciones, porque no me aviento a meterme una plancha por algo f\u00edsico y que algo me vaya a pasar porque ya lo viv\u00ed y la pas\u00e9 muy mal&#8221;.<\/p>\n<p> La actriz de public\u00f3 a trav\u00e9s de su cuenta de Instagram que ha estado viendo todas las cr\u00edticas que ha recibido por un video donde se ve c\u00f3mo era ella a los 20 a\u00f1os, en la que luce un estilo bastante desalineado, muy diferente a la figura que tiene hoy. No obstante abraz\u00f3 su pasado y dijo que a esa B\u00e1rbara del ayer la ama por las ense\u00f1anzas que le dej\u00f3.<\/p>\n<p>  <center><iframe loading=\"lazy\" width=\"560\" height=\"315\" src=\"https:\/\/www.youtube.com\/embed\/oaMK3sUeeHE\" frameborder=\"0\" allow=\"accelerometer; autoplay; encrypted-media; gyroscope; picture-in-picture\" allowfullscreen><\/iframe><\/center><\/p>\n<p><p>   &#8220;Esta soy yo, s\u00ed, con los dientes chuecos, con las cejas muy depiladas. Me pintaba los ojos de blanco y qu\u00e9 bonita me veo, qu\u00e9 bonita soy, qu\u00e9 bonita era. Esta tambi\u00e9n soy yo, de chiquita con mis orejotas&#8221;, mostr\u00f3 la estrella de televisi\u00f3n en su celular.<\/p>\n<p> B\u00e1rbara de Regil dijo que en esos a\u00f1os pasaba por una situaci\u00f3n dif\u00edcil pues tres d\u00edas antes del video que se ha difundido entre sus fans y sus detractores se hab\u00eda incendiado su casa por un corto circuito.<\/p>\n<p> &#8220;Estaba muy triste, devastada. En esta \u00e9poca de mi vida tomaba sol todos los d\u00edas, como pueden ver. En esta \u00e9poca de mi vida fumaba mucho, tomaba, com\u00eda mal, no tomaba como que era alcoh\u00f3lica, pero tomaba como un adolescente sin control, com\u00eda muy mal&#8221;.<\/p>\n<p> La actriz de &#8220;Rosario Tijeras&#8221; dijo que no se cuidaba nada en su juventud, pero que eso le gust\u00f3 porque &#8220;si no hubiera tenido una \u00e9poca de excesos y de no cuidarme&#8221;, de constantes tristezas y enojos con la vida, &#8220;no ser\u00eda lo que soy hoy&#8221;.<\/p>\n<p> La actriz mexicana invit\u00f3 a sus seguidores y detractores a alimentar su mente de cosas buenas y ver por s\u00ed mismos. &#8220;Est\u00e1 bien que a veces tengamos errores y de repente se nos salga una groser\u00eda, pero de verdad eres todo lo que ves todo el d\u00eda&#8221;. &#8220;Todos tuvimos un antes y un despu\u00e9s. As\u00ed es, son etapas de la vida. Todo te hace lo que eres hoy&#8221;, punto.<\/p>\n<p>\n","protected":false},"excerpt":{"rendered":"<p>B\u00e1rbara de Regil decidi\u00f3 enfrentar a las personas que la critican y revelar que efectivamente ha tenido una cirug\u00eda est\u00e9tica en los senos, pero que esa misma sali\u00f3 muy mal y la llev\u00f3 a tener varias cirug\u00edas durante un largo periodo, casi un a\u00f1o ocho meses.<\/p>\n","protected":false},"author":6,"featured_media":0,"comment_status":"open","ping_status":"open","sticky":false,"template":"","format":"standard","meta":{"footnotes":""},"categories":[38],"tags":[],"class_list":["post-94727","post","type-post","status-publish","format-standard","hentry","category-show"],"_links":{"self":[{"href":"https:\/\/plazajuarez.mx\/historico\/wp-json\/wp\/v2\/posts\/94727","targetHints":{"allow":["GET"]}}],"collection":[{"href":"https:\/\/plazajuarez.mx\/historico\/wp-json\/wp\/v2\/posts"}],"about":[{"href":"https:\/\/plazajuarez.mx\/historico\/wp-json\/wp\/v2\/types\/post"}],"author":[{"embeddable":true,"href":"https:\/\/plazajuarez.mx\/historico\/wp-json\/wp\/v2\/users\/6"}],"replies":[{"embeddable":true,"href":"https:\/\/plazajuarez.mx\/historico\/wp-json\/wp\/v2\/comments?post=94727"}],"version-history":[{"count":0,"href":"https:\/\/plazajuarez.mx\/historico\/wp-json\/wp\/v2\/posts\/94727\/revisions"}],"wp:attachment":[{"href":"https:\/\/plazajuarez.mx\/historico\/wp-json\/wp\/v2\/media?parent=94727"}],"wp:term":[{"taxonomy":"category","embeddable":true,"href":"https:\/\/plazajuarez.mx\/historico\/wp-json\/wp\/v2\/categories?post=94727"},{"taxonomy":"post_tag","embeddable":true,"href":"https:\/\/plazajuarez.mx\/historico\/wp-json\/wp\/v2\/tags?post=94727"}],"curies":[{"name":"wp","href":"https:\/\/api.w.org\/{rel}","templated":true}]}}