{"id":94719,"date":"2019-11-22T16:17:43","date_gmt":"2019-11-22T16:17:43","guid":{"rendered":"http:\/\/plazajuarez.mx\/index\/index.php\/2019\/11\/22\/amlo-urge-a-los-legisladores-de-ee-uu-ratificar-el-t-mec\/"},"modified":"2019-11-22T16:17:43","modified_gmt":"2019-11-22T16:17:43","slug":"amlo-urge-a-los-legisladores-de-ee-uu-ratificar-el-t-mec","status":"publish","type":"post","link":"https:\/\/plazajuarez.mx\/historico\/amlo-urge-a-los-legisladores-de-ee-uu-ratificar-el-t-mec\/","title":{"rendered":"AMLO urge a los legisladores de EE.UU. ratificar el T-MEC"},"content":{"rendered":"<p>El presidente, Andr\u00e9s Manuel L\u00f3pez Obrador, urgi\u00f3 este viernes a los legisladores estadounidenses ratificar &#8220;lo m\u00e1s pronto posible&#8221; el renovado tratado comercial de Am\u00e9rica del Norte, conocido como T-MEC, tras las dudas expresadas este jueves en el Congreso de Estados Unidos. <!--more--> <\/p>\n<p>  &#8220;Hay dem\u00f3cratas y republicanos a favor de la aprobaci\u00f3n del tratado. Que se haga lo m\u00e1s pronto posible para que no se contamine el asunto pol\u00edtico-electoral&#8221;, expres\u00f3 el mandatario en rueda de prensa matutina en el Palacio Nacional.<\/p>\n<p>  El tambi\u00e9n l\u00edder del izquierdista Movimiento Regeneraci\u00f3n Nacional (Morena) hizo &#8220;un llamado de manera muy respetuosa&#8221; a la ratificaci\u00f3n del tratado porque, dijo, &#8220;ayudar\u00e1 a Canad\u00e1, Estados Unidos y a M\u00e9xico&#8221; y &#8220;tiene aceptaci\u00f3n en los pueblos de las tres naciones&#8221;.<\/p>\n<p>  &#8220;No puede ser que los tratados sean rehenes de las diferencias pol\u00edtico-electorales. Se debe separar porque conviene para el desarrollo econ\u00f3mico de Am\u00e9rica del Norte&#8221;, reiter\u00f3 el jefe de Estado.<\/p>\n<p>  La presidenta de la C\u00e1mara Baja del Congreso de Estados Unidos, la dem\u00f3crata Nancy Pelosi, dud\u00f3 este jueves de que el T-MEC pueda ser ratificado por el Congreso antes de que finalice 2019.<\/p>\n<p>  &#8220;No estoy segura de que, a\u00fan en el supuesto de que hoy lleg\u00e1ramos a un acuerdo, habr\u00eda tiempo suficiente para cerrarlo (en 2019)&#8221;, dijo Pelosi en una rueda de prensa en el Capitolio.<\/p>\n<p>  Entre la celebraci\u00f3n de Acci\u00f3n de Gracias y las festividades navide\u00f1as, los d\u00edas en los que la C\u00e1mara de Representantes estar\u00e1 operativa para votar un hipot\u00e9tico acuerdo sobre el T-MEC se reduce a una decena.<\/p>\n<p>  En los \u00faltimos meses, el presidente estadounidense, Donald Trump, que apoya el T-MEC, ha criticado a Pelosi por haber ralentizado el proceso y no haber sometido el pacto a voto.<\/p>\n<p>  El 30 de noviembre de 2018, los Gobiernos de M\u00e9xico -entonces presidido por Enrique Pe\u00f1a Nieto-, Estados Unidos y Canad\u00e1 concluyeron la negociaci\u00f3n del T-MEC, que debe sustituir el actual Tratado de Libre Comercio de Am\u00e9rica del Norte (TLCAN), en vigor desde 1994, una vez sea ratificado por los congresos de los tres pa\u00edses.<\/p>\n<p>  Los republicanos y grupos empresariales han presionado al Congreso estadounidense para sacar adelante el T-MEC, mientras que varios asociaciones sindicales han exigido reforzar las garant\u00edas de aplicaci\u00f3n de los est\u00e1ndares medioambientales y laborales.<\/p>\n<p>  M\u00e9xico ya ha ratificado el pacto, mientras que en el caso de Canad\u00e1, que celebr\u00f3 elecciones en octubre, se espera que el acuerdo sea aprobado pr\u00f3ximamente.<\/p>\n<p>\n","protected":false},"excerpt":{"rendered":"<p>El presidente, Andr\u00e9s Manuel L\u00f3pez Obrador, urgi\u00f3 este viernes a los legisladores estadounidenses ratificar &#8220;lo m\u00e1s pronto posible&#8221; el renovado tratado comercial de Am\u00e9rica del Norte, conocido como T-MEC, tras las dudas expresadas este jueves en el Congreso de Estados Unidos.<\/p>\n","protected":false},"author":6,"featured_media":0,"comment_status":"open","ping_status":"open","sticky":false,"template":"","format":"standard","meta":{"footnotes":""},"categories":[36],"tags":[],"class_list":["post-94719","post","type-post","status-publish","format-standard","hentry","category-nacion"],"_links":{"self":[{"href":"https:\/\/plazajuarez.mx\/historico\/wp-json\/wp\/v2\/posts\/94719","targetHints":{"allow":["GET"]}}],"collection":[{"href":"https:\/\/plazajuarez.mx\/historico\/wp-json\/wp\/v2\/posts"}],"about":[{"href":"https:\/\/plazajuarez.mx\/historico\/wp-json\/wp\/v2\/types\/post"}],"author":[{"embeddable":true,"href":"https:\/\/plazajuarez.mx\/historico\/wp-json\/wp\/v2\/users\/6"}],"replies":[{"embeddable":true,"href":"https:\/\/plazajuarez.mx\/historico\/wp-json\/wp\/v2\/comments?post=94719"}],"version-history":[{"count":0,"href":"https:\/\/plazajuarez.mx\/historico\/wp-json\/wp\/v2\/posts\/94719\/revisions"}],"wp:attachment":[{"href":"https:\/\/plazajuarez.mx\/historico\/wp-json\/wp\/v2\/media?parent=94719"}],"wp:term":[{"taxonomy":"category","embeddable":true,"href":"https:\/\/plazajuarez.mx\/historico\/wp-json\/wp\/v2\/categories?post=94719"},{"taxonomy":"post_tag","embeddable":true,"href":"https:\/\/plazajuarez.mx\/historico\/wp-json\/wp\/v2\/tags?post=94719"}],"curies":[{"name":"wp","href":"https:\/\/api.w.org\/{rel}","templated":true}]}}