{"id":94718,"date":"2019-11-22T16:02:24","date_gmt":"2019-11-22T16:02:24","guid":{"rendered":"http:\/\/plazajuarez.mx\/index\/index.php\/2019\/11\/22\/dia-internacional-del-musico-de-pedro-infante-a-freddie-mercury\/"},"modified":"2019-11-22T16:02:24","modified_gmt":"2019-11-22T16:02:24","slug":"dia-internacional-del-musico-de-pedro-infante-a-freddie-mercury","status":"publish","type":"post","link":"https:\/\/plazajuarez.mx\/historico\/dia-internacional-del-musico-de-pedro-infante-a-freddie-mercury\/","title":{"rendered":"D\u00eda Internacional del M\u00fasico: De Pedro Infante a Freddie Mercury"},"content":{"rendered":"<p>Tal vez artistas mexicanos como Pedro Infante y Jos\u00e9 Jos\u00e9, o internacionales como Freddie Mercury y Michael Jackson ya no est\u00e9n en el plano terrenal, pero su legado musical permanece con nosotros. <!--more--> <\/p>\n<p> &#8220;Nietzsche dijo alguna vez: &#8216;La vida sin m\u00fasica ser\u00eda un error&#8217; y efectivamente, sin m\u00fasica no hay alegr\u00eda, remembranza, evocaci\u00f3n de tiempos idos. La m\u00fasica aleja las malas vibraciones y los sentimientos estrangulados. La m\u00fasica lo es todo. Amor, tristeza, alegr\u00eda, desolaci\u00f3n profunda, felicidad inaudita&#8221;, comenta en entrevista el cr\u00edtico musical Jorge Soto.<\/p>\n<p> Es tal el papel de este arte para la humanidad que cada 22 de noviembre se celebra el D\u00eda Internacional del M\u00fasico en honor a Santa Cecilia, patrona de los m\u00fasicos, por eso aunque algunos ya no est\u00e9n en este plano no hay forma de no seguirlos recordando.<\/p>\n<p> Canciones como &#8220;Bohemian Rhapsody&#8221; de Queen en la inconfundible voz de Mercury, o &#8220;Perd\u00f3name&#8221; del espa\u00f1ol Camilo Sesto seguir\u00e1n perdurando.<\/p>\n<p>  <center><iframe loading=\"lazy\" width=\"560\" height=\"315\" src=\"https:\/\/www.youtube.com\/embed\/fJ9rUzIMcZQ\" frameborder=\"0\" allow=\"accelerometer; autoplay; encrypted-media; gyroscope; picture-in-picture\" allowfullscreen><\/iframe><\/center><\/p>\n<p><p>  &#8220;Estos personajes han prevalecido a trav\u00e9s del tiempo en virtud de su talento interpretativo, su inspiraci\u00f3n pero sobre todo, por haber sido un espejo del sentimiento de millones de personas que, en sus canciones se vieron reflejados y se identificaron&#8221;, se\u00f1ala Soto quien resalta algunos nombres que este 2019 se fueron como Dick Dale, Camilo Sesto, y por supuesto el &#8220;Pr\u00edncipe de la Canci\u00f3n&#8221;.<\/p>\n<p>  <center><iframe loading=\"lazy\" width=\"560\" height=\"315\" src=\"https:\/\/www.youtube.com\/embed\/RROa3wboSPY\" frameborder=\"0\" allow=\"accelerometer; autoplay; encrypted-media; gyroscope; picture-in-picture\" allowfullscreen><\/iframe><\/center><\/p>\n<p><p>  &#8220;Este maravilloso int\u00e9rprete, Jos\u00e9 Jos\u00e9, dej\u00f3 escritas p\u00e1ginas inolvidables en la historia de la m\u00fasica mexicana y su talento y carisma le gan\u00f3 el cari\u00f1o del p\u00fablico y el respeto de sus colegas, al igual que personajes tan grandes como Pedro Infante, Jos\u00e9 Alfredo Jim\u00e9nez, o Juan Gabriel, personajes todos que pudieron hacer suyos los sentimientos de las personas para lograr una identificaci\u00f3n plena con sus seguidores&#8221;, comenta.<\/p>\n<p>  Sin importar el g\u00e9nero, ya sea rock, pop, ranchera, flamenco, m\u00fasica cl\u00e1sica o salsa, siempre hay algo que decir con cada melod\u00eda y letra, no es de sorprenderse que en 2016 Bob Dylan ganara el Premio Nobel de Literatura gracias a la poes\u00eda de sus letras.<\/p>\n<p>  <center><iframe loading=\"lazy\" width=\"560\" height=\"315\" src=\"https:\/\/www.youtube.com\/embed\/IwOfCgkyEj0\" frameborder=\"0\" allow=\"accelerometer; autoplay; encrypted-media; gyroscope; picture-in-picture\" allowfullscreen><\/iframe><\/center><\/p>\n","protected":false},"excerpt":{"rendered":"<p>Tal vez artistas mexicanos como Pedro Infante y Jos\u00e9 Jos\u00e9, o internacionales como Freddie Mercury y Michael Jackson ya no est\u00e9n en el plano terrenal, pero su legado musical permanece con nosotros.<\/p>\n","protected":false},"author":6,"featured_media":0,"comment_status":"open","ping_status":"open","sticky":false,"template":"","format":"standard","meta":{"footnotes":""},"categories":[38],"tags":[],"class_list":["post-94718","post","type-post","status-publish","format-standard","hentry","category-show"],"_links":{"self":[{"href":"https:\/\/plazajuarez.mx\/historico\/wp-json\/wp\/v2\/posts\/94718","targetHints":{"allow":["GET"]}}],"collection":[{"href":"https:\/\/plazajuarez.mx\/historico\/wp-json\/wp\/v2\/posts"}],"about":[{"href":"https:\/\/plazajuarez.mx\/historico\/wp-json\/wp\/v2\/types\/post"}],"author":[{"embeddable":true,"href":"https:\/\/plazajuarez.mx\/historico\/wp-json\/wp\/v2\/users\/6"}],"replies":[{"embeddable":true,"href":"https:\/\/plazajuarez.mx\/historico\/wp-json\/wp\/v2\/comments?post=94718"}],"version-history":[{"count":0,"href":"https:\/\/plazajuarez.mx\/historico\/wp-json\/wp\/v2\/posts\/94718\/revisions"}],"wp:attachment":[{"href":"https:\/\/plazajuarez.mx\/historico\/wp-json\/wp\/v2\/media?parent=94718"}],"wp:term":[{"taxonomy":"category","embeddable":true,"href":"https:\/\/plazajuarez.mx\/historico\/wp-json\/wp\/v2\/categories?post=94718"},{"taxonomy":"post_tag","embeddable":true,"href":"https:\/\/plazajuarez.mx\/historico\/wp-json\/wp\/v2\/tags?post=94718"}],"curies":[{"name":"wp","href":"https:\/\/api.w.org\/{rel}","templated":true}]}}