{"id":94712,"date":"2019-11-22T05:36:18","date_gmt":"2019-11-22T05:36:18","guid":{"rendered":"http:\/\/plazajuarez.mx\/index\/index.php\/2019\/11\/22\/presentan-avances-sobre-el-gran-acuifero-maya\/"},"modified":"2019-11-22T05:36:18","modified_gmt":"2019-11-22T05:36:18","slug":"presentan-avances-sobre-el-gran-acuifero-maya","status":"publish","type":"post","link":"https:\/\/plazajuarez.mx\/historico\/presentan-avances-sobre-el-gran-acuifero-maya\/","title":{"rendered":"Presentan avances sobre el Gran Acu\u00edfero Maya"},"content":{"rendered":"<p>ARQUEOLOG\u00cdA <br \/>\u00a0\u00a0 \u00a0\u2022\u00a0\u00a0 \u00a0Guillermo de Anda, arque\u00f3logo encargado del proyecto Gran Acu\u00edfero Maya (GAM), habl\u00f3 sobre los \u00faltimos dos a\u00f1os de trabajo\u2028<\/p>\n<p>  <!--more-->  <\/p>\n<p>&#8220;El Gran Acu\u00edfero Maya no s\u00f3lo es agua, es un enorme lugar o reservorio de material arqueol\u00f3gico. Los primeros pobladores de Am\u00e9rica est\u00e1n presentes en este sitio. En Am\u00e9rica hay menos de 60 esqueletos de hombres tempranos y en el Gran Acu\u00edfero Maya hay 12&#8221;, dijo el arque\u00f3logo Guillermo de Anda.<br \/>Guillermo de Anda junto con otros investigadores presentaron los trabajos de exploraci\u00f3n que se han realizado como parte del Proyecto Gran Acu\u00edfero Maya, adem\u00e1s, catedr\u00e1ticos ofrecieron conferencias sobre el agua en la cultura maya, durante el Primer Coloquio de Arqueolog\u00eda del Gran Acu\u00edfero Maya.<br \/>El encuentro que se llev\u00f3 a cabo en el Museo Nacional de Historia &#8211; Castillo de Chapultepec, fue presentado por Pedro Francisco S\u00e1nchez Nava, coordinador nacional de Arqueolog\u00eda del Instituto Nacional de Antropolog\u00eda e Historia (INAH), quien se\u00f1al\u00f3 el coloquio se llev\u00f3 a cabo en el marco de los 80 a\u00f1os del instituto y el 60 aniversario de la exploraci\u00f3n de la cueva de Balankanch\u00e9, ubicada en Chich\u00e9n Itz\u00e1.<br \/>Guillermo de Anda, arque\u00f3logo encargado del proyecto Gran Acu\u00edfero Maya (GAM), habl\u00f3 sobre los \u00faltimos dos a\u00f1os de trabajo en el sitio, tiempo en el que han determinado que hasta el momento, est\u00e1 conformado por mil 650 kil\u00f3metros de redes acu\u00e1ticas mapeadas, en donde se encontraron restos humanos y cer\u00e1mica, as\u00ed como restos de pino, material que denomin\u00f3 como &#8220;extranjero&#8221;.<br \/>En marzo de este a\u00f1o, De Anda dio a conocer c\u00f3mo redescubrieron la cueva de Balamk\u00fa. En ese espacio ubicado a 2.7 kil\u00f3metros de la pir\u00e1mide de Kukulc\u00e1n, en Chich\u00e9n Itz\u00e1, encontraron vasijas.<br \/>&#8220;En una de esas vasijas hab\u00eda restos de material org\u00e1nico que sometimos a pruebas de Carbono 14 y los resultados que acabamos de obtener es que la cueva fue un ritual de desacralizaci\u00f3n. Muchos artefactos que se conservan ah\u00ed contienen lo que se puso para quemar y que el humo llegara a las deidades. Se ve que hubo una gran desesperaci\u00f3n por hacer llover, porque tenemos presente al dios de la lluvia que es Tl\u00e1loc, que es un dios extranjero y estamos tratando de saber por qu\u00e9&#8221;, indic\u00f3 el arque\u00f3logo del INAH.<br \/>Guillermo de Anda se\u00f1al\u00f3 que como parte del proyecto Gran Acu\u00edfero Maya, est\u00e1n a la b\u00fasqueda de un quinto cenote y este podr\u00eda estar en Chich\u00e9n Itz\u00e1.<\/p>\n","protected":false},"excerpt":{"rendered":"<p>ARQUEOLOG\u00cdA \u00a0\u00a0 \u00a0\u2022\u00a0\u00a0 \u00a0Guillermo de Anda, arque\u00f3logo encargado del proyecto Gran Acu\u00edfero Maya (GAM), habl\u00f3 sobre los \u00faltimos dos a\u00f1os de trabajo\u2028<\/p>\n","protected":false},"author":93,"featured_media":0,"comment_status":"open","ping_status":"open","sticky":false,"template":"","format":"standard","meta":{"footnotes":""},"categories":[41],"tags":[],"class_list":["post-94712","post","type-post","status-publish","format-standard","hentry","category-arteria-cultural"],"_links":{"self":[{"href":"https:\/\/plazajuarez.mx\/historico\/wp-json\/wp\/v2\/posts\/94712","targetHints":{"allow":["GET"]}}],"collection":[{"href":"https:\/\/plazajuarez.mx\/historico\/wp-json\/wp\/v2\/posts"}],"about":[{"href":"https:\/\/plazajuarez.mx\/historico\/wp-json\/wp\/v2\/types\/post"}],"author":[{"embeddable":true,"href":"https:\/\/plazajuarez.mx\/historico\/wp-json\/wp\/v2\/users\/93"}],"replies":[{"embeddable":true,"href":"https:\/\/plazajuarez.mx\/historico\/wp-json\/wp\/v2\/comments?post=94712"}],"version-history":[{"count":0,"href":"https:\/\/plazajuarez.mx\/historico\/wp-json\/wp\/v2\/posts\/94712\/revisions"}],"wp:attachment":[{"href":"https:\/\/plazajuarez.mx\/historico\/wp-json\/wp\/v2\/media?parent=94712"}],"wp:term":[{"taxonomy":"category","embeddable":true,"href":"https:\/\/plazajuarez.mx\/historico\/wp-json\/wp\/v2\/categories?post=94712"},{"taxonomy":"post_tag","embeddable":true,"href":"https:\/\/plazajuarez.mx\/historico\/wp-json\/wp\/v2\/tags?post=94712"}],"curies":[{"name":"wp","href":"https:\/\/api.w.org\/{rel}","templated":true}]}}