{"id":94711,"date":"2019-11-22T05:36:18","date_gmt":"2019-11-22T05:36:18","guid":{"rendered":"http:\/\/plazajuarez.mx\/index\/index.php\/2019\/11\/22\/ford-planea-debut-en-the-staircase\/"},"modified":"2019-11-22T05:36:18","modified_gmt":"2019-11-22T05:36:18","slug":"ford-planea-debut-en-the-staircase","status":"publish","type":"post","link":"https:\/\/plazajuarez.mx\/historico\/ford-planea-debut-en-the-staircase\/","title":{"rendered":"Ford planea debut en &#8220;The Staircase&#8221;"},"content":{"rendered":"<p>\u00a0\u00a0\u00a0 \u2022\u00a0\u00a0 \u00a0Annapurna Television producir\u00e1 esta serie en la que el estadounidense de origen brasile\u00f1o Antonio Campos figurar\u00eda como productor\u2028<\/p>\n<p>  <!--more-->  <\/p>\n<p>Harrison Ford est\u00e1 preparando el que ser\u00eda su debut como actor protagonista de una serie televisiva de la mano de una producci\u00f3n para la peque\u00f1a pantalla que adaptar\u00eda la serie documental &#8220;The Staircase&#8221;, inform\u00f3 el medio especializado Variety.<br \/>Annapurna Television producir\u00e1 esta serie en la que el estadounidense de origen brasile\u00f1o Antonio Campos figurar\u00eda como guionista y productor ejecutivo.<br \/>Sin t\u00edtulo confirmado por el momento, este nuevo proyecto de Ford se basar\u00eda en &#8220;The Staircase&#8221;, una serie documental que giraba en torno al caso de asesinato en contra del escritor Michael Peterson, quien fue acusado de haber matado a su mujer en 2001.<br \/>Jean-Xavier de Lestrade cre\u00f3 esa serie documental que se estren\u00f3 en 2004 con ocho episodios.<br \/>Posteriormente, &#8220;The Staircase&#8221; fue actualizando su relato, seg\u00fan aparec\u00edan nuevos datos o informaciones.<br \/>As\u00ed, en 2013 se presentaron dos nuevos episodios de &#8220;The Staircase&#8221; y en 2018 se estrenaron tres nuevos cap\u00edtulos de esta serie documental hasta llegar a los trece en total con los que cuenta ahora.<br \/>Aunque este ser\u00eda el primer gran papel protagonista para Ford en una serie de televisi\u00f3n, el veterano actor de &#8220;Indiana Jones&#8221; o &#8220;Star Wars&#8221; tuvo roles espor\u00e1dicos en la peque\u00f1a pantalla en los inicios de su carrera en espacios como &#8220;Gunsmoke&#8221; o &#8220;Kung Fu&#8221;. Y en 2020 estrenar\u00e1 &#8220;The Call of the Wild&#8221;.<\/p>\n","protected":false},"excerpt":{"rendered":"<p>\u00a0\u00a0\u00a0 \u2022\u00a0\u00a0 \u00a0Annapurna Television producir\u00e1 esta serie en la que el estadounidense de origen brasile\u00f1o Antonio Campos figurar\u00eda como productor\u2028<\/p>\n","protected":false},"author":93,"featured_media":0,"comment_status":"open","ping_status":"open","sticky":false,"template":"","format":"standard","meta":{"footnotes":""},"categories":[38],"tags":[],"class_list":["post-94711","post","type-post","status-publish","format-standard","hentry","category-show"],"_links":{"self":[{"href":"https:\/\/plazajuarez.mx\/historico\/wp-json\/wp\/v2\/posts\/94711","targetHints":{"allow":["GET"]}}],"collection":[{"href":"https:\/\/plazajuarez.mx\/historico\/wp-json\/wp\/v2\/posts"}],"about":[{"href":"https:\/\/plazajuarez.mx\/historico\/wp-json\/wp\/v2\/types\/post"}],"author":[{"embeddable":true,"href":"https:\/\/plazajuarez.mx\/historico\/wp-json\/wp\/v2\/users\/93"}],"replies":[{"embeddable":true,"href":"https:\/\/plazajuarez.mx\/historico\/wp-json\/wp\/v2\/comments?post=94711"}],"version-history":[{"count":0,"href":"https:\/\/plazajuarez.mx\/historico\/wp-json\/wp\/v2\/posts\/94711\/revisions"}],"wp:attachment":[{"href":"https:\/\/plazajuarez.mx\/historico\/wp-json\/wp\/v2\/media?parent=94711"}],"wp:term":[{"taxonomy":"category","embeddable":true,"href":"https:\/\/plazajuarez.mx\/historico\/wp-json\/wp\/v2\/categories?post=94711"},{"taxonomy":"post_tag","embeddable":true,"href":"https:\/\/plazajuarez.mx\/historico\/wp-json\/wp\/v2\/tags?post=94711"}],"curies":[{"name":"wp","href":"https:\/\/api.w.org\/{rel}","templated":true}]}}