{"id":94659,"date":"2019-11-21T16:02:43","date_gmt":"2019-11-21T16:02:43","guid":{"rendered":"http:\/\/plazajuarez.mx\/index\/index.php\/2019\/11\/21\/ventas-por-buen-fin-superaron-120-mil-mdp\/"},"modified":"2019-11-21T16:02:43","modified_gmt":"2019-11-21T16:02:43","slug":"ventas-por-buen-fin-superaron-120-mil-mdp","status":"publish","type":"post","link":"https:\/\/plazajuarez.mx\/historico\/ventas-por-buen-fin-superaron-120-mil-mdp\/","title":{"rendered":"Ventas por Buen Fin superaron 120 mil mdp"},"content":{"rendered":"<p>El presidente de la Concanaco-Servytur, Jos\u00e9 Manuel L\u00f3pez Campos, inform\u00f3 que de acuerdo con informaci\u00f3n preliminar, las ventas de la novena edici\u00f3n de El Buen Fin, superaron los 120 mil millones de pesos con los que super\u00f3 la meta de 118 mil millones de pesos. <!--more--> <\/p>\n<p> Durante la conferencia de prensa ma\u00f1anera del presidente Andr\u00e9s Manuel L\u00f3pez Obrador, en Palacio Nacional, L\u00f3pez Campos se\u00f1al\u00f3 que la nueve edici\u00f3n concluy\u00f3 de manera exitosa y como la mejor de las ediciones.<\/p>\n<p> &#8220;De acuerdo a la informaci\u00f3n de las c\u00e1maras de comercio participantes, el buen fin trascurri\u00f3 con una afluencia 20% mayor que en 2018 y el comportamiento de las ventas fue al alza&#8221;, dijo.<\/p>\n<p> El presidente de la Confederaci\u00f3n dijo que se tiene que cambiar la metodolog\u00eda porque solo se toma en cuenta el desembolso de los consumidores, pero no el total en la realizaci\u00f3n de la venta.<\/p>\n<p> Adem\u00e1s de 63% de los consumidores realizaron sus pagos en efectivo, mientras que el 36% con tarjetas de d\u00e9bito y cr\u00e9dito.<\/p>\n<p>\n","protected":false},"excerpt":{"rendered":"<p>El presidente de la Concanaco-Servytur, Jos\u00e9 Manuel L\u00f3pez Campos, inform\u00f3 que de acuerdo con informaci\u00f3n preliminar, las ventas de la novena edici\u00f3n de El Buen Fin, superaron los 120 mil millones de pesos con los que super\u00f3 la meta de 118 mil millones de pesos.<\/p>\n","protected":false},"author":6,"featured_media":0,"comment_status":"open","ping_status":"open","sticky":false,"template":"","format":"standard","meta":{"footnotes":""},"categories":[36],"tags":[],"class_list":["post-94659","post","type-post","status-publish","format-standard","hentry","category-nacion"],"_links":{"self":[{"href":"https:\/\/plazajuarez.mx\/historico\/wp-json\/wp\/v2\/posts\/94659","targetHints":{"allow":["GET"]}}],"collection":[{"href":"https:\/\/plazajuarez.mx\/historico\/wp-json\/wp\/v2\/posts"}],"about":[{"href":"https:\/\/plazajuarez.mx\/historico\/wp-json\/wp\/v2\/types\/post"}],"author":[{"embeddable":true,"href":"https:\/\/plazajuarez.mx\/historico\/wp-json\/wp\/v2\/users\/6"}],"replies":[{"embeddable":true,"href":"https:\/\/plazajuarez.mx\/historico\/wp-json\/wp\/v2\/comments?post=94659"}],"version-history":[{"count":0,"href":"https:\/\/plazajuarez.mx\/historico\/wp-json\/wp\/v2\/posts\/94659\/revisions"}],"wp:attachment":[{"href":"https:\/\/plazajuarez.mx\/historico\/wp-json\/wp\/v2\/media?parent=94659"}],"wp:term":[{"taxonomy":"category","embeddable":true,"href":"https:\/\/plazajuarez.mx\/historico\/wp-json\/wp\/v2\/categories?post=94659"},{"taxonomy":"post_tag","embeddable":true,"href":"https:\/\/plazajuarez.mx\/historico\/wp-json\/wp\/v2\/tags?post=94659"}],"curies":[{"name":"wp","href":"https:\/\/api.w.org\/{rel}","templated":true}]}}