{"id":94658,"date":"2019-11-21T15:17:18","date_gmt":"2019-11-21T15:17:18","guid":{"rendered":"http:\/\/plazajuarez.mx\/index\/index.php\/2019\/11\/21\/amlo-firma-acuerdo-por-la-igualdad\/"},"modified":"2019-11-21T15:17:18","modified_gmt":"2019-11-21T15:17:18","slug":"amlo-firma-acuerdo-por-la-igualdad","status":"publish","type":"post","link":"https:\/\/plazajuarez.mx\/historico\/amlo-firma-acuerdo-por-la-igualdad\/","title":{"rendered":"AMLO firma acuerdo por la igualdad"},"content":{"rendered":"<p>El presidente Andr\u00e9s Manuel L\u00f3pez Obrador firm\u00f3 el Acuerdo Nacional por la Igualdad entre Mujeres y Hombres, con el que comprometi\u00f3 al gobierno de su administraci\u00f3n a generar trabajo formal, educaci\u00f3n, salud y seguridad a las mujeres en M\u00e9xico. <!--more--> <\/p>\n<p> L\u00f3pez Obrador se\u00f1al\u00f3 que gran parte de los apoyos a la mujer van tambi\u00e9n encaminados en la atenci\u00f3n a grupos vulnerables y de extrema pobreza, por lo que en programas como J\u00f3venes Construyendo el Futuro, Pensiones para el Bienestar de Adultos Mayores y el Apoyo para hijos de mujeres trabajadoras, la mayor parte de beneficiarios son mujeres.<\/p>\n<p> &#8220;No habr\u00e1 en este gobierno discriminaci\u00f3n, no vamos apostar por la desigualdad, vamos a garantizar derechos como est\u00e1n establecidos en las leyes, en la constituci\u00f3n y no habr\u00e1 machismo; pero este es un proceso, de va avanzando, vamos a estar procurando que haya igualdad&#8221;, dijo.<\/p>\n<p> El mandatario a\u00f1adi\u00f3 que el objetivo principal de su gobierno es darle atenci\u00f3n preferente a los m\u00e1s necesitados, y que se considera la justicia como darles m\u00e1s a los m\u00e1s pobres, porque &#8220;no puede ver trato igual entre desiguales&#8221;.<\/p>\n<p> &#8220;Por eso me da mucho gusto que estemos firmando este acuerdo, no para lo que se va a hacer, si no para consolidar y fortalecer lo que ya estamos haciendo, garantizar la igualdad entre hombres y mujeres&#8221;, se\u00f1al\u00f3.<\/p>\n<p> En la firma del acuerdo participaron la secretaria de Gobernaci\u00f3n, Olga S\u00e1nchez Cordero, y la titular del Instituto Nacional de las Mujeres (Inmujeres), Nadine Gasman; quienes presentaron los resultados de 32 foros estatales que se realizaron para constituir el acuerdo.<\/p>\n<p> El acuerdo contiene seis objetivos: que haya m\u00e1s trabajo formal y mejor remunerado, garantizar educaci\u00f3n, generar paz y seguridad, generar empleos con m\u00e1s tiempo propio para el cuidado de sus familiares, mejorar la salud y procurar vida digna y procurar una nueva cultura nacional de respeto a la mujer.<\/p>\n<p>\n","protected":false},"excerpt":{"rendered":"<p>El presidente Andr\u00e9s Manuel L\u00f3pez Obrador firm\u00f3 el Acuerdo Nacional por la Igualdad entre Mujeres y Hombres, con el que comprometi\u00f3 al gobierno de su administraci\u00f3n a generar trabajo formal, educaci\u00f3n, salud y seguridad a las mujeres en M\u00e9xico.<\/p>\n","protected":false},"author":6,"featured_media":0,"comment_status":"open","ping_status":"open","sticky":false,"template":"","format":"standard","meta":{"footnotes":""},"categories":[36],"tags":[],"class_list":["post-94658","post","type-post","status-publish","format-standard","hentry","category-nacion"],"_links":{"self":[{"href":"https:\/\/plazajuarez.mx\/historico\/wp-json\/wp\/v2\/posts\/94658","targetHints":{"allow":["GET"]}}],"collection":[{"href":"https:\/\/plazajuarez.mx\/historico\/wp-json\/wp\/v2\/posts"}],"about":[{"href":"https:\/\/plazajuarez.mx\/historico\/wp-json\/wp\/v2\/types\/post"}],"author":[{"embeddable":true,"href":"https:\/\/plazajuarez.mx\/historico\/wp-json\/wp\/v2\/users\/6"}],"replies":[{"embeddable":true,"href":"https:\/\/plazajuarez.mx\/historico\/wp-json\/wp\/v2\/comments?post=94658"}],"version-history":[{"count":0,"href":"https:\/\/plazajuarez.mx\/historico\/wp-json\/wp\/v2\/posts\/94658\/revisions"}],"wp:attachment":[{"href":"https:\/\/plazajuarez.mx\/historico\/wp-json\/wp\/v2\/media?parent=94658"}],"wp:term":[{"taxonomy":"category","embeddable":true,"href":"https:\/\/plazajuarez.mx\/historico\/wp-json\/wp\/v2\/categories?post=94658"},{"taxonomy":"post_tag","embeddable":true,"href":"https:\/\/plazajuarez.mx\/historico\/wp-json\/wp\/v2\/tags?post=94658"}],"curies":[{"name":"wp","href":"https:\/\/api.w.org\/{rel}","templated":true}]}}