{"id":94631,"date":"2019-11-21T04:57:46","date_gmt":"2019-11-21T04:57:46","guid":{"rendered":"http:\/\/plazajuarez.mx\/index\/index.php\/2019\/11\/21\/deportes-nacional-e-internacional-101\/"},"modified":"2019-11-21T04:57:46","modified_gmt":"2019-11-21T04:57:46","slug":"deportes-nacional-e-internacional-101","status":"publish","type":"post","link":"https:\/\/plazajuarez.mx\/historico\/deportes-nacional-e-internacional-101\/","title":{"rendered":"Deportes Nacional e Internacional"},"content":{"rendered":"<p>CAMPO DEL ESTADIO AZTECA LA LIBRA LUEGO DE LA NFL <br \/>\u00a0\u00a0 \u00a0\u2022\u00a0\u00a0 \u00a0Despu\u00e9s de m\u00e1s de un a\u00f1o de cambios y tratamientos especiales en el c\u00e9sped del coloso, el juego de la NFL se llev\u00f3 a cabo\u2028<br \/>\u00a0<\/p>\n<p>  <!--more-->  <\/p>\n<p>\u00a0(EL UNIVERSAL).- La pregunta que se hacen todos es&#8230; \u00bfC\u00f3mo qued\u00f3 la cancha del estadio Azteca despu\u00e9s del juego de futbol americano entre los Chiefs de Kansas City y los Chargers de Los \u00c1ngeles?\u2028Pues parece que no tan afectada, como podr\u00eda esperarse.\u2028Aunque hay que esperar.\u2028Despu\u00e9s de m\u00e1s de un a\u00f1o de cambios y tratamientos especiales en el c\u00e9sped del coloso, el juego de la NFL se llev\u00f3 a cabo, y a pesar de que hubo muchos trozos de pasto que volaron en cada jugada, se puede decir que todo sali\u00f3 bien.\u2028Pero lo que le viene al Azteca es nada menos que la parte m\u00e1s importante del torneo de la Liga MX: la Liguilla. La buena noticia es que de los dos clubes que juegan ah\u00ed, s\u00f3lo el Am\u00e9rica entr\u00f3 a las finales, ya que el Cruz Azul no logr\u00f3 clasificar&#8230; La mala es que habr\u00e1 poco tiempo para recuperar el pasto; este s\u00e1bado La M\u00e1quina jugar\u00e1 su \u00faltimo partido del torneo ante el Atl\u00e9tico de San Luis, y si las \u00c1guilas no terminan entre los cuatro primeros lugares de la clasificaci\u00f3n seguramente deber\u00e1n actuar como local el pr\u00f3ximo mi\u00e9rcoles.<br \/>Ra\u00fal Barrios, quien durante mucho a\u00f1os estuvo a cargo del c\u00e9sped del Azteca y quien es asesor t\u00e9cnico internacional de la FIFA para el mantenimiento de las canchas, ha expuesto por medio de su cuenta de Twitter, que \u00e9sta pudo quedar en mal estado debido a ciertos lineamientos que sigui\u00f3 la NFL.<br \/>**<br \/>\u00a0<br \/>#DEPORTE LOCAL<br \/>Reconocen a hidalguenses con el PED 2019\u00a0 <br \/>\u00a0\u00a0 \u00a0\u2022\u00a0\u00a0 \u00a0Alexis Gayosso y Luz Mar\u00eda Olvera fueron los deportistas que recibieron el distintivo\u00a0\u2028<\/p>\n<p>Se puso en marcha, ayer, la entrega del Premio Estatal del Deporte (PED) 2019 a los deportistas que por sus logros obtenidos a nivel nacional e internacional dejaron en alto el nombre de Hidalgo y M\u00e9xico, ceremonia que se realiz\u00f3 en el marco de la conmemoraci\u00f3n del 109 aniversario del inicio de la Revoluci\u00f3n Mexicana.<br \/>Asimismo, en esta edici\u00f3n los atletas que se hicieron acreedores al PED fueron Alexis Gayosso Zaraz\u00faa y Luis Mar\u00eda Olvera, quienes recibieron la cantidad de 55 mil pesos y un reconocimiento. Del mismo modo, la judoka hidalguense no pudo estar presente en la ceremonia debido a que se encuentra en Jap\u00f3n en competencia, y en su representaci\u00f3n asisti\u00f3 su mam\u00e1 Aracely Su\u00e1rez Hern\u00e1ndez, quien recibi\u00f3 el distintivo y est\u00edmulo econ\u00f3mico.<br \/>Por otro lado, Luz Olvera gan\u00f3 medalla de plata en los Juegos Panamericanos celebrados en Per\u00fa 2019, fue primer lugar en el Panamericano Open realizado en C\u00f3rdoba, s\u00e9ptimo lugar en el Panamericano Open en Chile, adem\u00e1s obtuvo el quinto lugar en el Campeonato Panamericano de judo y segundo lugar en la Copa Panamericana con sede en Panam\u00e1.<br \/>Por parte de Alexis Gayosso Zaraz\u00faa logr\u00f3 medalla de plata y quinto lugar en los Juegos Parapanamericanos de Lima 2019, tres primeros lugares en el Abierto Mexicano de Para Atletismo en las pruebas de 100, 400 y 800 metros efectuado en el estado de Morelos, adem\u00e1s medalla de oro y sexto lugar en el Desert Challenge Games, Meza Arizona, Estados Unidos.<br \/>Por otro lado, al magno evento acudieron autoridades estatales, encabezadas por el secretario Ejecutivo de la Pol\u00edtica P\u00fablica, Jos\u00e9 Luis Roo Cuz, quien asisti\u00f3 en representaci\u00f3n del gobernador del\u00a0 Estado, Omar Fayad Meneses, y la directora general del Instituto Hidalguense del Deporte, F\u00e1tima Ba\u00f1os P\u00e9rez, entregaron este galard\u00f3n.<br \/>**\u00a0\u00a0 \u00a0<br \/>\u00a0<br \/>#TENIS <br \/>Nadal y Granollers redondean la victoria de Espa\u00f1a <br \/>\u00a0\u00a0 \u00a0\u2022\u00a0\u00a0 \u00a0Con la eliminatoria ya decidida, gracias a las victorias individuales de Roberto Bautista y Nadal, el capit\u00e1n espa\u00f1ol Sergi Bruguera, decidi\u00f3 que Rafa y Marcel saltaran a la pista\u2028<br \/>\u00a0<br \/>(EFE).- Rafael Nadal y Marcel Granollers se unieron por primera vez en la Copa Davis para vencer en la Caja M\u00e1gica a Ivan Dodig y Mate Pavic, por 6-3 y 6-4, y confirmar su victoria ante Croacia, defensora del t\u00edtulo, por 3-0, el primer puesto en el Grupo B, y su clasificaci\u00f3n para los cuartos de final.<br \/>Con la eliminatoria ya decidida, gracias a las victorias individuales de Roberto Bautista y Rafael Nadal, el capit\u00e1n espa\u00f1ol Sergi Bruguera, decidi\u00f3 que Rafa y Marcel saltaran a la pista.<br \/>As\u00ed diecisiete a\u00f1os despu\u00e9s de jugar juntos el doble del triunfo de Espa\u00f1a en la Copa Davis j\u00fanior ante Estados Unidos, Nadal y Granollers volvieron a unirse en esta competici\u00f3n. En aquel 2002, esta pareja se impuso en la final disputada en Le Baule (Francia) a Scott Oudsema y Simmonds por 7-6 (7-5) y 6-3.<br \/>Despu\u00e9s, jugaron un par de torneos del circuito, sin conseguir t\u00edtulo alguno, pero ante dos expertos doblistas como Dodig y Pavic, ganadores de dos Grand Slam en esta modalidad, con el primero triunfando en Wimbledon en 2013 y el segundo en el Abierto de Australia en 2018, los espa\u00f1oles mostraron cohesi\u00f3n. EFE.<br \/>\u00a0<br \/>\u00a0<br \/>\u00a0<\/p>\n","protected":false},"excerpt":{"rendered":"<p>CAMPO DEL ESTADIO AZTECA LA LIBRA LUEGO DE LA NFL \u00a0\u00a0 \u00a0\u2022\u00a0\u00a0 \u00a0Despu\u00e9s de m\u00e1s de un a\u00f1o de cambios y tratamientos especiales en el c\u00e9sped del coloso, el juego de la NFL se llev\u00f3 a cabo\u2028\u00a0<\/p>\n","protected":false},"author":93,"featured_media":0,"comment_status":"open","ping_status":"open","sticky":false,"template":"","format":"standard","meta":{"footnotes":""},"categories":[39],"tags":[],"class_list":["post-94631","post","type-post","status-publish","format-standard","hentry","category-deportiva"],"_links":{"self":[{"href":"https:\/\/plazajuarez.mx\/historico\/wp-json\/wp\/v2\/posts\/94631","targetHints":{"allow":["GET"]}}],"collection":[{"href":"https:\/\/plazajuarez.mx\/historico\/wp-json\/wp\/v2\/posts"}],"about":[{"href":"https:\/\/plazajuarez.mx\/historico\/wp-json\/wp\/v2\/types\/post"}],"author":[{"embeddable":true,"href":"https:\/\/plazajuarez.mx\/historico\/wp-json\/wp\/v2\/users\/93"}],"replies":[{"embeddable":true,"href":"https:\/\/plazajuarez.mx\/historico\/wp-json\/wp\/v2\/comments?post=94631"}],"version-history":[{"count":0,"href":"https:\/\/plazajuarez.mx\/historico\/wp-json\/wp\/v2\/posts\/94631\/revisions"}],"wp:attachment":[{"href":"https:\/\/plazajuarez.mx\/historico\/wp-json\/wp\/v2\/media?parent=94631"}],"wp:term":[{"taxonomy":"category","embeddable":true,"href":"https:\/\/plazajuarez.mx\/historico\/wp-json\/wp\/v2\/categories?post=94631"},{"taxonomy":"post_tag","embeddable":true,"href":"https:\/\/plazajuarez.mx\/historico\/wp-json\/wp\/v2\/tags?post=94631"}],"curies":[{"name":"wp","href":"https:\/\/api.w.org\/{rel}","templated":true}]}}