{"id":94630,"date":"2019-11-21T04:57:45","date_gmt":"2019-11-21T04:57:45","guid":{"rendered":"http:\/\/plazajuarez.mx\/index\/index.php\/2019\/11\/21\/incendio-de-ducto-de-pemex-se-sale-de-control-y-provoca-alarma\/"},"modified":"2019-11-21T04:57:45","modified_gmt":"2019-11-21T04:57:45","slug":"incendio-de-ducto-de-pemex-se-sale-de-control-y-provoca-alarma","status":"publish","type":"post","link":"https:\/\/plazajuarez.mx\/historico\/incendio-de-ducto-de-pemex-se-sale-de-control-y-provoca-alarma\/","title":{"rendered":"Incendio de ducto de Pemex se sale de control y provoca alarma"},"content":{"rendered":"<p>La enorme columna de humo era visible a kil\u00f3metros <\/p>\n<p>\u00a0\u00a0 \u00a0\u2022\u00a0\u00a0 \u00a0La poblaci\u00f3n de varias comunidades y municipios cercanos se alarmaron ante la espectacular humarada\u00a0\u2028<\/p>\n<p>  <!--more-->  <\/p>\n<p>Un incendio en ducto de Pemex en el \u00e1rea de rebombeo se sali\u00f3 de control y provoc\u00f3 alarma entre la poblaci\u00f3n, no s\u00f3lo de la comunidad de Juandh\u00f3 y Ulapa, sino en varios municipios ya que las llamas y fumarolas de humo se observaron a kil\u00f3metros de distancia de donde se gener\u00f3 la emergencia, presuntamente cuando personal de una empresa del estado realizaba maniobras de mantenimiento. No se reportaron lesionados.<\/p>\n<p>  EL FUEGO FUE CONTROLADO <br \/>  Luego de un intenso trabajo de los diferentes cuerpos de Protecci\u00f3n Civil, bomberos lograron sofocar el incendio.<br \/>Abraham Mendoza Zenteno, delegado en Hidalgo del gobierno federal quien permaneci\u00f3 en el lugar de la emergencia, e inform\u00f3 que una vez que los bomberos tuvieron suficiente agua, el personal de Pemex roci\u00f3 espuma logrando extinguir las llamas.<\/p>\n<p>  El funcionario federal reconoci\u00f3 el trabajo de todas las corporaciones de emergencia y policiacas que participaron en atender el incidente, lo que permiti\u00f3 que no se registraran personas lesionadas ni decesos. Lament\u00f3 los hechos que generaron una fuerte contaminaci\u00f3n al ambiente.<\/p>\n<p>  <center><iframe loading=\"lazy\" src=\"https:\/\/www.facebook.com\/plugins\/video.php?href=https%3A%2F%2Fwww.facebook.com%2Fveronica.monroye%2Fvideos%2F752606845222954%2F&#038;show_text=0&#038;width=261\" width=\"261\" height=\"476\" style=\"border:none;overflow:hidden\" scrolling=\"no\" frameborder=\"0\" allowTransparency=\"true\" allowFullScreen=\"true\"><\/iframe><\/center><\/p>\n<p><p>  Zenteno dijo que para atender la emergencia los tres niveles de gobierno sumaron esfuerzos y que tambi\u00e9n se cont\u00f3 con el apoyo de CFE y la Conagua.<\/p>\n<p>  Alrededor de 200 vecinos de las comunidades de Ulapa y Juandh\u00f3 fueron desalojadas de sus viviendas como medida preventiva, debido a que el combustible \u2013crudo- se derram\u00f3 en las canaletas del canal Requena y eso provoc\u00f3 que las llamas se expandieran.<\/p>\n<p>  <center><iframe loading=\"lazy\" src=\"https:\/\/www.facebook.com\/plugins\/video.php?href=https%3A%2F%2Fwww.facebook.com%2Fdiarioplazajuarez%2Fvideos%2F548415869049960%2F&#038;show_text=0&#038;width=560\" width=\"560\" height=\"308\" style=\"border:none;overflow:hidden\" scrolling=\"no\" frameborder=\"0\" allowTransparency=\"true\" allowFullScreen=\"true\"><\/iframe><\/center><\/p>\n<p><p>  LAS LABORES<br \/>  Elementos de Protecci\u00f3n Civil, encabezados por David Le\u00f3n, coordinador nacional de Protecci\u00f3n Civil durante una reuni\u00f3n que sostuvieron en la zona de emergencia se\u00f1alaron que no exist\u00eda riesgo para la poblaci\u00f3n, pero que m\u00e1s val\u00eda tomar precauciones y evitar da\u00f1os a su salud, toda vez que el humo ya era intenso en la zona y pod\u00edan sufrir intoxicaci\u00f3n.<\/p>\n<p>  La conflagraci\u00f3n se report\u00f3 a las 11:27 al C5i por elementos del Ej\u00e9rcito Mexicano de que personal de Pemex al estar realizando trabajos de mantenimiento en un poliducto se suscit\u00f3 el incendio en el \u00e1rea de rebombeo.<\/p>\n<p>  M\u00e1s tarde a las 14:25 se inform\u00f3 que el personal que trataba de sofocar las llamas se hab\u00eda retirado del lugar ya que el incendio estaba fuera de control, por lo que se estableci\u00f3 cerco perimetral a la altura del m\u00f3dulo de Juandh\u00f3, debido a que el combustible se estaba expandiendo hacia la canaleta y la carretera del lugar.<\/p>\n<p>  A la zona llegaron elementos de la Sedena, de la Guardia Nacional, de Seguridad F\u00edsica de Pemex, de la polic\u00eda estatal y municipal de la zona, as\u00ed como cuerpos de Protecci\u00f3n Civil de Tlahuelilpan, Tula, Tetepango, Atitalaquia, Atotonilco de Tula, Tepeji del R\u00edo y de diversos municipios del estado de Hidalgo.<\/p>\n<p>  <center><iframe loading=\"lazy\" src=\"https:\/\/www.facebook.com\/plugins\/video.php?href=https%3A%2F%2Fwww.facebook.com%2Fdiarioplazajuarez%2Fvideos%2F480801855863281%2F&#038;show_text=0&#038;width=560\" width=\"560\" height=\"308\" style=\"border:none;overflow:hidden\" scrolling=\"no\" frameborder=\"0\" allowTransparency=\"true\" allowFullScreen=\"true\"><\/iframe><\/center><\/p>\n<p><p>  Habilitan albergues para atender la emergencia <\/p>\n<p>  Para verificar la situaci\u00f3n del incendio registrado la ma\u00f1ana de ayer en instalaciones de Pemex, arrib\u00f3 al lugar el secretario de Gobernaci\u00f3n, Sim\u00f3n Vargas, quien junto con los comandantes de las distintas corporaciones coordinaron los apoyos que hac\u00edan falta para contener el fuego.<\/p>\n<p>  El municipio de Tlahuelilpan pidi\u00f3 a la poblaci\u00f3n evitar transitar por la carretera Tlahuelilpan-Juandh\u00f3, adem\u00e1s de no acercarse a la zona para dejar que las unidades de emergencia pudieran realizar su trabajo, as\u00ed como para salvaguardar la integridad de las personas.<\/p>\n","protected":false},"excerpt":{"rendered":"<p>La enorme columna de humo era visible a kil\u00f3metros \u00a0\u00a0 \u00a0\u2022\u00a0\u00a0 \u00a0La poblaci\u00f3n de varias comunidades y municipios cercanos se alarmaron ante la espectacular humarada\u00a0\u2028<\/p>\n","protected":false},"author":93,"featured_media":0,"comment_status":"open","ping_status":"open","sticky":false,"template":"","format":"standard","meta":{"footnotes":""},"categories":[40],"tags":[],"class_list":["post-94630","post","type-post","status-publish","format-standard","hentry","category-region"],"_links":{"self":[{"href":"https:\/\/plazajuarez.mx\/historico\/wp-json\/wp\/v2\/posts\/94630","targetHints":{"allow":["GET"]}}],"collection":[{"href":"https:\/\/plazajuarez.mx\/historico\/wp-json\/wp\/v2\/posts"}],"about":[{"href":"https:\/\/plazajuarez.mx\/historico\/wp-json\/wp\/v2\/types\/post"}],"author":[{"embeddable":true,"href":"https:\/\/plazajuarez.mx\/historico\/wp-json\/wp\/v2\/users\/93"}],"replies":[{"embeddable":true,"href":"https:\/\/plazajuarez.mx\/historico\/wp-json\/wp\/v2\/comments?post=94630"}],"version-history":[{"count":0,"href":"https:\/\/plazajuarez.mx\/historico\/wp-json\/wp\/v2\/posts\/94630\/revisions"}],"wp:attachment":[{"href":"https:\/\/plazajuarez.mx\/historico\/wp-json\/wp\/v2\/media?parent=94630"}],"wp:term":[{"taxonomy":"category","embeddable":true,"href":"https:\/\/plazajuarez.mx\/historico\/wp-json\/wp\/v2\/categories?post=94630"},{"taxonomy":"post_tag","embeddable":true,"href":"https:\/\/plazajuarez.mx\/historico\/wp-json\/wp\/v2\/tags?post=94630"}],"curies":[{"name":"wp","href":"https:\/\/api.w.org\/{rel}","templated":true}]}}