{"id":94629,"date":"2019-11-21T04:57:44","date_gmt":"2019-11-21T04:57:44","guid":{"rendered":"http:\/\/plazajuarez.mx\/index\/index.php\/2019\/11\/21\/mas-electrificacion-en-colonias-del-municipio\/"},"modified":"2019-11-21T04:57:44","modified_gmt":"2019-11-21T04:57:44","slug":"mas-electrificacion-en-colonias-del-municipio","status":"publish","type":"post","link":"https:\/\/plazajuarez.mx\/historico\/mas-electrificacion-en-colonias-del-municipio\/","title":{"rendered":"\u2028M\u00e1s electrificaci\u00f3n en colonias del municipio"},"content":{"rendered":"<p>La incrementaron en Las Flores y Ampliaci\u00f3n<br \/>\u00a0\u00a0 \u00a0\u2022\u00a0\u00a0 \u00a0Inversi\u00f3n superior a los 290 mil pesos del Fondo de Aportaciones para la Infraestructura Social Municipal\u00a0\u2028<br \/>Habitantes de las dos colonias agradecieron al alcalde y al secretario de Obras P\u00fablica <\/p>\n<p>  <!--more-->  <\/p>\n<p>Durante la inauguraci\u00f3n de las labores de electrificaci\u00f3n en esta demarcaci\u00f3n, el alcalde, Gabriel Garc\u00eda Rojas, dijo que la obra fue posible gracias a las gestiones que realiz\u00f3 la ciudadan\u00eda, \u201cellos tocaron puertas, junto con autoridades municipales para lograr que esta obra se hiciera realidad\u201d.<\/p>\n<p>El titular del Ejecutivo municipal reconoci\u00f3 el apoyo brindado por el gobernador, Omar Fayad, y explic\u00f3 que la encomienda es trabajar de manera incansable y permanente para ayudar a los que menos tienen, al dotarlos de los servicios b\u00e1sicos y para reducir los \u00edndices de pobreza que existen en la demarcaci\u00f3n.<\/p>\n<p>Garc\u00eda Rojas reconoci\u00f3 que las comunidades del Carmen, Huitzila y el M\u00edo Cid, son de las m\u00e1s antiguas de Tizayuca, pero son tambi\u00e9n las que m\u00e1s apoyo requieren, \u201clas condiciones de vulnerabilidad en las que se encuentran necesitan de una mayor cercan\u00eda de las autoridades, el objetivo es bajar los grados de pobreza\u201d.<\/p>\n<p>Por su parte, Francisco Hern\u00e1ndez G\u00f3mez, secretario de Obras P\u00fablicas, expres\u00f3 que la ampliaci\u00f3n de la electrificaci\u00f3n de la colonia Las Flores y Ampliaci\u00f3n, se ejecut\u00f3 con una inversi\u00f3n superior a los 290 mil pesos del Fondo de Aportaciones para la Infraestructura Social Municipal (FAISM) 2019.<\/p>\n<p>Agreg\u00f3 que en esta obra se instalaron 13 postes de trece metros de altura y dos transformadores uno de 15 KVA y uno de 10 KVA, m\u00e1s de 230 metros de cable de baja tensi\u00f3n y 720 metros de cable de media tensi\u00f3n, que beneficiar\u00e1n a 150 habitantes de ambas colonias.<\/p>\n<p>A su vez, Ranulfo Serrano Moedano, director de Gobernaci\u00f3n en la regi\u00f3n, afirm\u00f3 que actualmente en Tizayuca son m\u00e1s los ciudadanos que tienen necesidades, debido al ritmo de crecimiento, el cual fue mayor al esperado, por eso si se quiere alcanzar un mayor desarrollo es necesario que la ciudadan\u00eda est\u00e9 unida.<\/p>\n","protected":false},"excerpt":{"rendered":"<p>La incrementaron en Las Flores y Ampliaci\u00f3n\u00a0\u00a0 \u00a0\u2022\u00a0\u00a0 \u00a0Inversi\u00f3n superior a los 290 mil pesos del Fondo de Aportaciones para la Infraestructura Social Municipal\u00a0\u2028Habitantes de las dos colonias agradecieron al alcalde y al secretario de Obras P\u00fablica<\/p>\n","protected":false},"author":93,"featured_media":0,"comment_status":"open","ping_status":"open","sticky":false,"template":"","format":"standard","meta":{"footnotes":""},"categories":[40],"tags":[],"class_list":["post-94629","post","type-post","status-publish","format-standard","hentry","category-region"],"_links":{"self":[{"href":"https:\/\/plazajuarez.mx\/historico\/wp-json\/wp\/v2\/posts\/94629","targetHints":{"allow":["GET"]}}],"collection":[{"href":"https:\/\/plazajuarez.mx\/historico\/wp-json\/wp\/v2\/posts"}],"about":[{"href":"https:\/\/plazajuarez.mx\/historico\/wp-json\/wp\/v2\/types\/post"}],"author":[{"embeddable":true,"href":"https:\/\/plazajuarez.mx\/historico\/wp-json\/wp\/v2\/users\/93"}],"replies":[{"embeddable":true,"href":"https:\/\/plazajuarez.mx\/historico\/wp-json\/wp\/v2\/comments?post=94629"}],"version-history":[{"count":0,"href":"https:\/\/plazajuarez.mx\/historico\/wp-json\/wp\/v2\/posts\/94629\/revisions"}],"wp:attachment":[{"href":"https:\/\/plazajuarez.mx\/historico\/wp-json\/wp\/v2\/media?parent=94629"}],"wp:term":[{"taxonomy":"category","embeddable":true,"href":"https:\/\/plazajuarez.mx\/historico\/wp-json\/wp\/v2\/categories?post=94629"},{"taxonomy":"post_tag","embeddable":true,"href":"https:\/\/plazajuarez.mx\/historico\/wp-json\/wp\/v2\/tags?post=94629"}],"curies":[{"name":"wp","href":"https:\/\/api.w.org\/{rel}","templated":true}]}}