{"id":94627,"date":"2019-11-21T04:57:43","date_gmt":"2019-11-21T04:57:43","guid":{"rendered":"http:\/\/plazajuarez.mx\/index\/index.php\/2019\/11\/21\/abogados-rinden-protesta\/"},"modified":"2019-11-21T04:57:43","modified_gmt":"2019-11-21T04:57:43","slug":"abogados-rinden-protesta","status":"publish","type":"post","link":"https:\/\/plazajuarez.mx\/historico\/abogados-rinden-protesta\/","title":{"rendered":"Abogados rinden protesta"},"content":{"rendered":"<p>\u00a0\u00a0\u00a0 \u2022\u00a0\u00a0 \u00a0Como miembros del Colegio de Abogados en Sierra y Huasteca\u2028<\/p>\n<p>\u00a0\u00a0 \u00a0\u2022\u00a0\u00a0 \u00a0Dicen estar a\u00a0 disposici\u00f3n de la ciudadan\u00eda en general, para otorgarles asesor\u00eda jur\u00eddica y legal\u00a0 de forma gratuita\u2028<\/p>\n<p>\u201cHay gente que por no tener recursos econ\u00f3micos para contratar un abogado, es despojada en sus derechos y patrimonios\u201d<\/p>\n<p>  <!--more-->  <\/p>\n<p>Integrantes del Colegio de Abogados de la Sierra y Huasteca de Hidalgo, A.C., rindieron protesta como miembros de dicho organismo en conocido sal\u00f3n de eventos sociales de un conocido hotel del municipio.<\/p>\n<p>Los integrantes se\u00f1alaron que este organismo iniciar\u00e1 sus actividades con 11 miembros y estar\u00e1 abierto a recibir a quienes deseen integrarse para coadyuvar al logro de las metas trazadas para promover\u00a0 y\u00a0 fomentar la buena imagen de los abogados; promover la \u00e9tica en el desempe\u00f1o de la profesi\u00f3n y organizar toda clase de actividades acad\u00e9micas como cursos y diplomados, para que los abogados de ambas regiones est\u00e9n actualizados en materia legal.<\/p>\n<p>Refirieron que entre los miembros de esta nueva asociaci\u00f3n civil hay abogados con maestr\u00edas y especialidades en varias ramas del derecho, por lo que igualmente podr\u00e1n apoyar a las autoridades municipales que lo soliciten para actualizar sus reglamentos en general.<\/p>\n<p>Refirieron que est\u00e1n a\u00a0 disposici\u00f3n de la ciudadan\u00eda en general, para otorgarles asesor\u00eda jur\u00eddica y legal\u00a0 de forma gratuita.<\/p>\n<p>Consideran que en muchas ocasiones hay gente que por no tener recursos econ\u00f3micos para contratar los servicios de un abogado, son despojados en sus derechos y patrimonios \u201cnosotros como abogados buscamos defender a la gente y darles protecci\u00f3n\u201d.<\/p>\n","protected":false},"excerpt":{"rendered":"<p>\u00a0\u00a0\u00a0 \u2022\u00a0\u00a0 \u00a0Como miembros del Colegio de Abogados en Sierra y Huasteca\u2028 \u00a0\u00a0 \u00a0\u2022\u00a0\u00a0 \u00a0Dicen estar a\u00a0 disposici\u00f3n de la ciudadan\u00eda en general, para otorgarles asesor\u00eda jur\u00eddica y legal\u00a0 de forma gratuita\u2028 \u201cHay gente que por no tener recursos econ\u00f3micos para contratar un abogado, es despojada en sus derechos y patrimonios\u201d<\/p>\n","protected":false},"author":93,"featured_media":0,"comment_status":"open","ping_status":"open","sticky":false,"template":"","format":"standard","meta":{"footnotes":""},"categories":[40],"tags":[],"class_list":["post-94627","post","type-post","status-publish","format-standard","hentry","category-region"],"_links":{"self":[{"href":"https:\/\/plazajuarez.mx\/historico\/wp-json\/wp\/v2\/posts\/94627","targetHints":{"allow":["GET"]}}],"collection":[{"href":"https:\/\/plazajuarez.mx\/historico\/wp-json\/wp\/v2\/posts"}],"about":[{"href":"https:\/\/plazajuarez.mx\/historico\/wp-json\/wp\/v2\/types\/post"}],"author":[{"embeddable":true,"href":"https:\/\/plazajuarez.mx\/historico\/wp-json\/wp\/v2\/users\/93"}],"replies":[{"embeddable":true,"href":"https:\/\/plazajuarez.mx\/historico\/wp-json\/wp\/v2\/comments?post=94627"}],"version-history":[{"count":0,"href":"https:\/\/plazajuarez.mx\/historico\/wp-json\/wp\/v2\/posts\/94627\/revisions"}],"wp:attachment":[{"href":"https:\/\/plazajuarez.mx\/historico\/wp-json\/wp\/v2\/media?parent=94627"}],"wp:term":[{"taxonomy":"category","embeddable":true,"href":"https:\/\/plazajuarez.mx\/historico\/wp-json\/wp\/v2\/categories?post=94627"},{"taxonomy":"post_tag","embeddable":true,"href":"https:\/\/plazajuarez.mx\/historico\/wp-json\/wp\/v2\/tags?post=94627"}],"curies":[{"name":"wp","href":"https:\/\/api.w.org\/{rel}","templated":true}]}}