{"id":94619,"date":"2019-11-21T04:57:31","date_gmt":"2019-11-21T04:57:31","guid":{"rendered":"http:\/\/plazajuarez.mx\/index\/index.php\/2019\/11\/21\/laguna-de-voces-580\/"},"modified":"2019-11-21T04:57:31","modified_gmt":"2019-11-21T04:57:31","slug":"laguna-de-voces-580","status":"publish","type":"post","link":"https:\/\/plazajuarez.mx\/historico\/laguna-de-voces-580\/","title":{"rendered":"LAGUNA DE VOCES"},"content":{"rendered":"<p>* Hacerse viejo<\/p>\n<p>  <!--more-->  <\/p>\n<p>\u201c5 de la ma\u00f1ana 24 minutos. 5 24. Es hora de invertir en valores Banorte. \/En oto\u00f1o pedalea fuerte tu bicicleta. Casa Radio Am\u00e9rica las vende, Plaza Universidad. \/Emergencia Galindo, servicio 24 horas, 564 26 00, Tuxpan esquina Baja California.\/ Con frutos seleccionados se elabora Pascual, Pascual fruta sana en su bebida, refrescante.\/ Para muebles ni hablar, solo Baltazar, la esquina que domina, Aldama y Mina, Buenavista.\/ \u00bfUsa anteojos? Cambie a lentes de contacto, flexibles o hidrof\u00edlicos, Opti Ju\u00e1rez 117 junto a Loter\u00eda.\/ Este s\u00e1bado tarde de juego en el hip\u00f3dromo, tremenda batalla de veloces doce\u00f1eros.\/ Moda para verano, primorosas telas en bellos colores, Telas Junco Centro, Sat\u00e9lite y Tacubaya.\/ Hoy equipos modulares rebajados 25 por ciento al contado, Comercial Requejo, Palma y Donceles.\/ Chocolates Tur\u00edn (cantado) Chocolates Tur\u00edn m\u00e1s de 50 a\u00f1os de estar presentes en el exigente paladar mexicano.\/ Maestro mec\u00e1nico Marcos Carrasco garantiza riguroso control de calidad en la rectificaci\u00f3n de motores.\/ En Banco Mexicano Somex tenemos un servicio serio para que usted sonr\u00eda.\/ Por su regio sabor y deliciosa suavidad, la cerveza es Corona.\/ XEQK proporciona la hora del Observatorio, misma de Haste, Haste un nuevo concepto del tiempo: 5 de la ma\u00f1ana 25 minutos, 5 25\u201d.<br \/>\u00a0\u00a0 \u00a0Un minuto de la XEQK.<br \/>\u00a0\u00a0 \u00a0Una historia completa en la vida particular de los que rebasamos, y por mucho, las cinco d\u00e9cadas, y suspiramos con melancol\u00eda por esos a\u00f1os en que no hab\u00eda mejor forma de salir de la cama disparado a la escuela, subir al cami\u00f3n, respira con esperanza lo que la vida pudiera depararnos. \u00a1Era tan f\u00e1cil ser feliz en esa \u00e9poca!<br \/>\u00a0\u00a0 \u00a0Dir\u00e1n lo mismo los que hoy se suben y se sientan en nuestro lugar, y cuentan el tiempo en el celular que hoy sustituye al concepto que Haste tra\u00eda. Hoy ni los relojes de esa marca existen.<br \/>\u00a0\u00a0 \u00a0En ese entonces el refresco Boing era Pascual a secas, el maestro Marcos Carrasco el \u00fanico que rectificaba motores con garant\u00eda, y adem\u00e1s de Banorte exist\u00eda el Somex como peque\u00f1os bancos que se anunciaban en la Hora del Observatorio.<br \/>\u00a0\u00a0 \u00a0De todos modos nunca pude llegar a tiempo a la primera clase que era a las siete de la ma\u00f1ana, pero con un trayecto de casi dos horas simplemente acab\u00e9 por comprobar que era una tarea imposible, superior a todas mis fuerzas.<br \/>\u00a0\u00a0 \u00a0La vida de madrugada en el transporte p\u00fablico, en el autob\u00fas que se le dec\u00eda entonces \u201cfor\u00e1neo\u201d, es una experiencia que todos deber\u00edan vivir por lo menos algunos a\u00f1os de su existencia.<br \/>\u00a0\u00a0 \u00a0Acaba por ser una etapa que se guarda con singular celo en la memoria, y al paso de los a\u00f1os se aprecia mejor el justo instante en que apur\u00e1bamos la vida con la voz machacona de dos locutores que anunciaban minuto a minuto productos, tiendas, telas, mec\u00e1nicos para coronar con el \u201c5 de la ma\u00f1ana y tantos minutos\u201d.<br \/>\u00a0\u00a0 \u00a0De otro modo es dif\u00edcil explicar que resulte posible traer al presente la escena justa en que uno tomaba el primer cami\u00f3n en la esquina donde estaba una pulquer\u00eda recubierta con mosaicos rosas y en las esquina de la puerta otros que semejaban ladrillo, alumbrado taciturno que casi se escond\u00eda de verg\u00fcenza, el primer puesto de atoles y tamales, las seguridad de que pasado el tiempo buscar\u00eda en alg\u00fan lugar la estaci\u00f3n que tambi\u00e9n anunciaba las gelatinas \u201cArt, Art, gelatinas Art\u201d.<br \/>\u00a0\u00a0 \u00a0Sin embargo todo es pasado, y el signo inequ\u00edvoco de que el tiempo transcurri\u00f3 a pesar de nosotros, es que toparnos con unos minutos de la XEQK, dio como resultado la nostalgia, \u00fanica, feliz de haber tenido como motivo para el recuerdo anuncios retacados en un minuto, tan fugaz como la vida del que mira y goza la dicha de acordarse, simplemente acordarse.<\/p>\n<p>Mil gracias, hasta ma\u00f1ana.<\/p>\n<p>jeperalta@plazajuarez.mx\/historico\/historico<br \/>twitter: @JavierEPeralta<\/p>\n<p>\u00a0\u00a0 \u00a0<br \/>\u00a0\u00a0 \u00a0<br \/>\u00a0\u00a0 \u00a0<br \/>\u00a0\u00a0 \u00a0<br \/>\u00a0\u00a0 \u00a0<\/p>\n","protected":false},"excerpt":{"rendered":"<p>* Hacerse viejo<\/p>\n","protected":false},"author":93,"featured_media":0,"comment_status":"open","ping_status":"open","sticky":false,"template":"","format":"standard","meta":{"footnotes":""},"categories":[42],"tags":[],"class_list":["post-94619","post","type-post","status-publish","format-standard","hentry","category-nuestrapalabra"],"_links":{"self":[{"href":"https:\/\/plazajuarez.mx\/historico\/wp-json\/wp\/v2\/posts\/94619","targetHints":{"allow":["GET"]}}],"collection":[{"href":"https:\/\/plazajuarez.mx\/historico\/wp-json\/wp\/v2\/posts"}],"about":[{"href":"https:\/\/plazajuarez.mx\/historico\/wp-json\/wp\/v2\/types\/post"}],"author":[{"embeddable":true,"href":"https:\/\/plazajuarez.mx\/historico\/wp-json\/wp\/v2\/users\/93"}],"replies":[{"embeddable":true,"href":"https:\/\/plazajuarez.mx\/historico\/wp-json\/wp\/v2\/comments?post=94619"}],"version-history":[{"count":0,"href":"https:\/\/plazajuarez.mx\/historico\/wp-json\/wp\/v2\/posts\/94619\/revisions"}],"wp:attachment":[{"href":"https:\/\/plazajuarez.mx\/historico\/wp-json\/wp\/v2\/media?parent=94619"}],"wp:term":[{"taxonomy":"category","embeddable":true,"href":"https:\/\/plazajuarez.mx\/historico\/wp-json\/wp\/v2\/categories?post=94619"},{"taxonomy":"post_tag","embeddable":true,"href":"https:\/\/plazajuarez.mx\/historico\/wp-json\/wp\/v2\/tags?post=94619"}],"curies":[{"name":"wp","href":"https:\/\/api.w.org\/{rel}","templated":true}]}}