{"id":94610,"date":"2019-11-20T20:17:13","date_gmt":"2019-11-20T20:17:13","guid":{"rendered":"http:\/\/plazajuarez.mx\/index\/index.php\/2019\/11\/20\/intensa-movilizacion-por-incendio-en-poliducto-de-pemex-ubicado-en-tetepango\/"},"modified":"2019-11-20T20:17:13","modified_gmt":"2019-11-20T20:17:13","slug":"intensa-movilizacion-por-incendio-en-poliducto-de-pemex-ubicado-en-tetepango","status":"publish","type":"post","link":"https:\/\/plazajuarez.mx\/historico\/intensa-movilizacion-por-incendio-en-poliducto-de-pemex-ubicado-en-tetepango\/","title":{"rendered":"Controlan incendio en ducto de Pemex ubicado en Tetepango"},"content":{"rendered":"<p>Tetepango <!--more--> <\/p>\n<p><p>  Luego de un intenso trabajo de los diferentes cuerpos de Protecci\u00f3n Civil, bomberos logran sofocar el incendio que se registr\u00f3 esta ma\u00f1ana en instalaciones de Petr\u00f3leos Mexicanos y que gener\u00f3 alarma entre la poblaci\u00f3n.<\/p>\n<p>  Abraham Mendoza Zenteno, delegado en Hidalgo del gobierno federal quien permanece en el lugar de la emergencia, inform\u00f3 que una vez que los bomberos tuvieron suficiente agua, el personal de Pemex roci\u00f3 espuma logrando extinguir las llamas.<\/p>\n<p>  <center><iframe loading=\"lazy\" src=\"https:\/\/www.facebook.com\/plugins\/video.php?href=https%3A%2F%2Fwww.facebook.com%2Fveronica.monroye%2Fvideos%2F752606845222954%2F&#038;show_text=0&#038;width=261\" width=\"261\" height=\"476\" style=\"border:none;overflow:hidden\" scrolling=\"no\" frameborder=\"0\" allowTransparency=\"true\" allowFullScreen=\"true\"><\/iframe><\/center><\/p>\n<p><p>  El funcionario federal reconoci\u00f3 el trabajo de todas las corporaciones de emergencia y policiacas que participaron en atender el incidente, lo que permiti\u00f3 que no se registraba personas lesionadas ni decesos.  Lament\u00f3 los hechos que generaron una fuerte contaminaci\u00f3n al ambiente.<\/p>\n<p>   Dijo que para atender la emergencia los tres niveles de gobierno sumaron esfuerzos y que tambi\u00e9n se cont\u00f3 con el apoyo de CFE y la Conagua.<\/p>\n<p>  De igual forma, David Le\u00f3n, coordinador nacional de Protecci\u00f3n Civil, confirm\u00f3 que fue combatid al cien por ciento la conflagraci\u00f3n,  sin lesionados, ni perdidas humanas.<\/p>\n<p>  Reconoci\u00f3 el trabajo de todos los cuerpos de emergencia y la colaboraci\u00f3n de la poblaci\u00f3n.<\/p>\n<p>   <center><iframe loading=\"lazy\" src=\"https:\/\/www.facebook.com\/plugins\/video.php?href=https%3A%2F%2Fwww.facebook.com%2Fdiarioplazajuarez%2Fvideos%2F548415869049960%2F&#038;show_text=0&#038;width=560\" width=\"560\" height=\"308\" style=\"border:none;overflow:hidden\" scrolling=\"no\" frameborder=\"0\" allowTransparency=\"true\" allowFullScreen=\"true\"><\/iframe><\/center> <\/p>\n<p><p>  <b>\u00bfQu\u00e9 sucedi\u00f3? <\/b><\/p>\n<p>  Incendio en ducto de Pemex en el \u00e1rea de rebombeo se sali\u00f3 de control y provoc\u00f3 alarma entre la poblaci\u00f3n, no s\u00f3lo de la comunidad de Juandh\u00f3 y Ulapa, sino en varios municipios ya que las llamas y fumarolas de humo se observaron a kil\u00f3metros de distancia de donde se gener\u00f3 la emergencia, presuntamente cuando personal de la empresa del estado realizaba maniobras de mantenimiento. No se reportaron lesionados.<\/p>\n<p> alrededor de 200 vecinos de las comunidades de Ulapa y Juandh\u00f3 fueron desalojadas de sus viviendas como medida preventiva, debido a que el combustible \u2013crudo- se derram\u00f3 en las canaletas del canal Requena y eso provoc\u00f3 que las llamas se expandieran.<\/p>\n<p>  Elementos de Protecci\u00f3n Civil, encabezados por David Le\u00f3n, coordinador nacional de Protecci\u00f3n Civil durante una reuni\u00f3n que sostuvieron en la zona de emergencia se\u00f1alaron que no exist\u00eda riesgo para la poblaci\u00f3n, pero que m\u00e1s val\u00eda tomar precauciones y evitar da\u00f1os a su salud, toda vez que el humo ya era intenso en la zona y pod\u00edan sufrir intoxicaci\u00f3n.<\/p>\n<p>  La conflagraci\u00f3n se report\u00f3 a las 11:27 al C5i por elementos del Ej\u00e9rcito Mexicano de que personal de Pemex al estar realizando trabajos de mantenimiento en un poliducto se suscit\u00f3 el incendio en el \u00e1rea de rebombeo.<\/p>\n<p>  M\u00e1s tarde a las 14:25 se inform\u00f3 que el personal que trataba de sofocar las llamas se hab\u00eda retirado del lugar ya que el incendio estaba fuera de control, por lo que se estableci\u00f3 cerco perimetral a la altura del m\u00f3dulo de Juandh\u00f3, debido a que el combustible se estaba expandiendo hacia la canaleta y la carretera del lugar.<\/p>\n<p>  A la zona llegaron elementos de la Sedena, de la Guardia Nacional, de Seguridad F\u00edsica de Pemex, de la polic\u00eda estatal y municipal de la zona, as\u00ed como cuerpos de Protecci\u00f3n Civil de Tlahuelilpan, Tula, Tetepango, Atitalaquia, Atotonilco de Tula, Tepeji del R\u00edo y de diversos municipios del estado de Hidalgo.<\/p>\n<p>  <center><iframe loading=\"lazy\" src=\"https:\/\/www.facebook.com\/plugins\/video.php?href=https%3A%2F%2Fwww.facebook.com%2Fdiarioplazajuarez%2Fvideos%2F432730260770708%2F&#038;show_text=1&#038;width=560\" width=\"560\" height=\"463\" style=\"border:none;overflow:hidden\" scrolling=\"no\" frameborder=\"0\" allowTransparency=\"true\" allow=\"encrypted-media\" allowFullScreen=\"true\"><\/iframe><\/center><\/p>\n<p>  Para verificar la situaci\u00f3n del incendio arrib\u00f3 al lugar el secretario de Gobernaci\u00f3n, Sim\u00f3n Vargas, quien junto con los comandantes de las distintas corporaciones coordinaron los apoyos que hac\u00edan falta para contener el fuego.<\/p>\n<p>  Al lugar tambi\u00e9n lleg\u00f3 el delegado de Programas Sociales para el Desarrollo en Hidalgo, Abraham Mendoza Zenteno, quien se mantuvo atento de la situaci\u00f3n y se sum\u00f3 a la gesti\u00f3n de las necesidades que externaban los cuerpos de emergencia se requer\u00edan para controlar la situaci\u00f3n y salvaguardar la vida de las personas de las comunidades aleda\u00f1as a donde se suscit\u00f3 el incidente, as\u00ed como de los socorristas que trabajaron intensamente durante varias horas.<\/p>\n<p>  <center><iframe loading=\"lazy\" src=\"https:\/\/www.facebook.com\/plugins\/post.php?href=https%3A%2F%2Fwww.facebook.com%2Fveronica.monroye%2Fposts%2F2627935143951948&#038;width=500\" width=\"500\" height=\"751\" style=\"border:none;overflow:hidden\" scrolling=\"no\" frameborder=\"0\" allowTransparency=\"true\" allow=\"encrypted-media\"><\/iframe><\/center><\/p>\n<p>   Por su parte el municipio de Tlahuelilpan pidi\u00f3 a la poblaci\u00f3n evitar transitar por la carretera Tlahuelilpan-Juandh\u00f3, adem\u00e1s de no acercarse a la zona para dejar que las unidades de emergencia pudieran realizar su trabajo, as\u00ed como para salvaguardar la integridad de las personas.  <center><iframe loading=\"lazy\" src=\"https:\/\/www.facebook.com\/plugins\/video.php?href=https%3A%2F%2Fwww.facebook.com%2Fdiarioplazajuarez%2Fvideos%2F480801855863281%2F&#038;show_text=0&#038;width=560\" width=\"560\" height=\"308\" style=\"border:none;overflow:hidden\" scrolling=\"no\" frameborder=\"0\" allowTransparency=\"true\" allowFullScreen=\"true\"><\/iframe><center><\/p>\n","protected":false},"excerpt":{"rendered":"<p>Tetepango<\/p>\n","protected":false},"author":6,"featured_media":0,"comment_status":"open","ping_status":"open","sticky":false,"template":"","format":"standard","meta":{"footnotes":""},"categories":[40],"tags":[],"class_list":["post-94610","post","type-post","status-publish","format-standard","hentry","category-region"],"_links":{"self":[{"href":"https:\/\/plazajuarez.mx\/historico\/wp-json\/wp\/v2\/posts\/94610","targetHints":{"allow":["GET"]}}],"collection":[{"href":"https:\/\/plazajuarez.mx\/historico\/wp-json\/wp\/v2\/posts"}],"about":[{"href":"https:\/\/plazajuarez.mx\/historico\/wp-json\/wp\/v2\/types\/post"}],"author":[{"embeddable":true,"href":"https:\/\/plazajuarez.mx\/historico\/wp-json\/wp\/v2\/users\/6"}],"replies":[{"embeddable":true,"href":"https:\/\/plazajuarez.mx\/historico\/wp-json\/wp\/v2\/comments?post=94610"}],"version-history":[{"count":0,"href":"https:\/\/plazajuarez.mx\/historico\/wp-json\/wp\/v2\/posts\/94610\/revisions"}],"wp:attachment":[{"href":"https:\/\/plazajuarez.mx\/historico\/wp-json\/wp\/v2\/media?parent=94610"}],"wp:term":[{"taxonomy":"category","embeddable":true,"href":"https:\/\/plazajuarez.mx\/historico\/wp-json\/wp\/v2\/categories?post=94610"},{"taxonomy":"post_tag","embeddable":true,"href":"https:\/\/plazajuarez.mx\/historico\/wp-json\/wp\/v2\/tags?post=94610"}],"curies":[{"name":"wp","href":"https:\/\/api.w.org\/{rel}","templated":true}]}}