{"id":94609,"date":"2019-11-20T19:01:54","date_gmt":"2019-11-20T19:01:54","guid":{"rendered":"http:\/\/plazajuarez.mx\/index\/index.php\/2019\/11\/20\/festival-luchon-reune-a-jovenes-emprendedores-arte-talleres-y-musica\/"},"modified":"2019-11-20T19:01:54","modified_gmt":"2019-11-20T19:01:54","slug":"festival-luchon-reune-a-jovenes-emprendedores-arte-talleres-y-musica","status":"publish","type":"post","link":"https:\/\/plazajuarez.mx\/historico\/festival-luchon-reune-a-jovenes-emprendedores-arte-talleres-y-musica\/","title":{"rendered":"Festival Luch\u00f3n re\u00fane a j\u00f3venes emprendedores, arte, talleres y m\u00fasica"},"content":{"rendered":"<p>El evento se realizar\u00e1 este s\u00e1bado en la Arena Afici\u00f3n y tendr\u00e1 un costo de acceso de 35 pesos.  <!--more--> <\/p>\n<p>   Este s\u00e1bado 23 de noviembre, en punto de las 10:00 horas, arrancar\u00e1 el \u201cFestival Luch\u00f3n\u201d en la Arena Afici\u00f3n, evento que tiene como objetivo ser una nueva plataforma para artistas en la entidad, adem\u00e1s de contar con actividades como talleres, conferencias y bazares. <\/p>\n<p>  De acuerdo con Rhesident, organizadores del evento, se trata de que \u201cartistas y productores locales tengan la oportunidad de utilizar el ring y las instalaciones de la Arena Afici\u00f3n, como una met\u00e1fora para exponer la lucha que vivieron (o viven) al manifestar su voz e identidad desde sus propios talentos y oficios\u201d.<\/p>\n<p>  La organizaci\u00f3n se\u00f1al\u00f3 que el festival pretende incentivar a los j\u00f3venes a crear sus propias oportunidades laborales, a trav\u00e9s de herramientas de capacitaci\u00f3n y motivaci\u00f3n. <\/p>\n<p>  En esta edici\u00f3n, colectivos feministas subir\u00e1n al ring como escenario principal, para el conversatorio \u201cDe mujeres, luchas y colectivos\u201d, conformado por Dulc\u00edsimo Ovario, Femina Diversitas, Art\u00edculo 39, Yo te creo y Feminasty. <\/p>\n<p>  De la misma forma, la ilustradora y dise\u00f1adora textil, Mar Maremoto, presentar\u00e1 su trabajo que se enfoca en contar historias y apoyar causas relacionadas con la salud mental, body positivity, feminismo y cuidado del medio ambiente. <\/p>\n<p>  <center><iframe loading=\"lazy\" src=\"https:\/\/www.facebook.com\/plugins\/post.php?href=https%3A%2F%2Fwww.facebook.com%2Fluchonfest%2Fposts%2F131424201606374&#038;width=500\" width=\"500\" height=\"549\" style=\"border:none;overflow:hidden\" scrolling=\"no\" frameborder=\"0\" allowTransparency=\"true\" allow=\"encrypted-media\"><\/iframe><\/center> <\/p>\n<p><p> Por su parte, Nicko Nogu\u00e9s, fundador de la firma consultora isamiracle.org dedicada al activismo empresarial, y del Instituto #demachosaHOMBRES especializado en crear programas re educativos cuyo foco son las masculinidades positivas, llega al ring para una charlar sobre su destacada labor. <\/p>\n<p>  En el evento tambi\u00e9n se contar\u00e1 con talleres enfocados a fortalecer y generar habilidades pr\u00e1cticas e intelectuales del p\u00fablico, lo anterior con la participaci\u00f3n de Secta de Bordado, Mam\u00f3n Food Lab, Sin colillas, Amor de Verano, Comuna Milpa, Barco de Semillas y Yazm\u00edn Huerta. <\/p>\n<p>  <center><iframe loading=\"lazy\" src=\"https:\/\/www.facebook.com\/plugins\/video.php?href=https%3A%2F%2Fwww.facebook.com%2Fluchonfest%2Fvideos%2F437647703588221%2F&#038;show_text=0&#038;width=375\" width=\"375\" height=\"476\" style=\"border:none;overflow:hidden\" scrolling=\"no\" frameborder=\"0\" allowTransparency=\"true\" allowFullScreen=\"true\"><\/iframe><\/center><\/p>\n<p><p>  As\u00ed como las presentaciones art\u00edsticas del Colectivo Medias de Cabaret, Andy Mountains y los Ni\u00f1os Puerco, D\u00e9viles Visuales, Feel The underground y Brothers and Music. <\/p>\n<p>  Cabe mencionar que el costo de acceso al p\u00fablico ser\u00e1 de 35 pesos. <\/p>\n<p>  Las instalaciones de la Arena Afici\u00f3n se encuentran en la calle de Cuauht\u00e9moc 410 &#8211; A, en la colonia Centro. <\/p>\n<p>\n","protected":false},"excerpt":{"rendered":"<p>El evento se realizar\u00e1 este s\u00e1bado en la Arena Afici\u00f3n y tendr\u00e1 un costo de acceso de 35 pesos.<\/p>\n","protected":false},"author":6,"featured_media":0,"comment_status":"open","ping_status":"open","sticky":false,"template":"","format":"standard","meta":{"footnotes":""},"categories":[59],"tags":[],"class_list":["post-94609","post","type-post","status-publish","format-standard","hentry","category-general"],"_links":{"self":[{"href":"https:\/\/plazajuarez.mx\/historico\/wp-json\/wp\/v2\/posts\/94609","targetHints":{"allow":["GET"]}}],"collection":[{"href":"https:\/\/plazajuarez.mx\/historico\/wp-json\/wp\/v2\/posts"}],"about":[{"href":"https:\/\/plazajuarez.mx\/historico\/wp-json\/wp\/v2\/types\/post"}],"author":[{"embeddable":true,"href":"https:\/\/plazajuarez.mx\/historico\/wp-json\/wp\/v2\/users\/6"}],"replies":[{"embeddable":true,"href":"https:\/\/plazajuarez.mx\/historico\/wp-json\/wp\/v2\/comments?post=94609"}],"version-history":[{"count":0,"href":"https:\/\/plazajuarez.mx\/historico\/wp-json\/wp\/v2\/posts\/94609\/revisions"}],"wp:attachment":[{"href":"https:\/\/plazajuarez.mx\/historico\/wp-json\/wp\/v2\/media?parent=94609"}],"wp:term":[{"taxonomy":"category","embeddable":true,"href":"https:\/\/plazajuarez.mx\/historico\/wp-json\/wp\/v2\/categories?post=94609"},{"taxonomy":"post_tag","embeddable":true,"href":"https:\/\/plazajuarez.mx\/historico\/wp-json\/wp\/v2\/tags?post=94609"}],"curies":[{"name":"wp","href":"https:\/\/api.w.org\/{rel}","templated":true}]}}