{"id":94607,"date":"2019-11-20T18:18:27","date_gmt":"2019-11-20T18:18:27","guid":{"rendered":"http:\/\/plazajuarez.mx\/index\/index.php\/2019\/11\/20\/violan-y-matan-a-joven-en-santo-domingo\/"},"modified":"2019-11-20T18:18:27","modified_gmt":"2019-11-20T18:18:27","slug":"violan-y-matan-a-joven-en-santo-domingo","status":"publish","type":"post","link":"https:\/\/plazajuarez.mx\/historico\/violan-y-matan-a-joven-en-santo-domingo\/","title":{"rendered":"Violan y matan a joven en Santo Domingo"},"content":{"rendered":"<p>Elizabeth, su hermana, lo buscaba desde el s\u00e1bado pasado.  <!--more--> <\/p>\n<p> Sin saber nada de \u00e9l, la mujer acudi\u00f3 al domicilio donde viv\u00eda, en la colonia Pedregal de Santo Domingo.<\/p>\n<p> El lunes por la tarde, ella lleg\u00f3 a la casa, ubicada en la calle Amezquite casi esquina con Acatempan.<\/p>\n<p> Ah\u00ed, dentro de una de las habitaciones encontr\u00f3 la escena del ataque: su hermano yac\u00eda desnudo en una rec\u00e1mara del domicilio, con el cuerpo flexionado y sangre en la boca. Manchas de excremento le cubr\u00edan las manos, piernas y gl\u00fateos.<\/p>\n<p> Al verlo, ella sali\u00f3 a pedir ayuda. Ah\u00ed llegaron los param\u00e9dicos para informar que el hombre de 23 a\u00f1os estaba muerto.<\/p>\n<p> Los golpes pudieron ser la causa de su muerte. <\/p>\n<p> Agentes ministeriales indicaron que adem\u00e1s de las laceraciones, el cuerpo presentaba signos de violaci\u00f3n. Por eso investigan qui\u00e9n fue el responsable de la agresi\u00f3n contra el joven.<\/p>\n<p>\n","protected":false},"excerpt":{"rendered":"<p>Elizabeth, su hermana, lo buscaba desde el s\u00e1bado pasado.<\/p>\n","protected":false},"author":6,"featured_media":0,"comment_status":"open","ping_status":"open","sticky":false,"template":"","format":"standard","meta":{"footnotes":""},"categories":[37],"tags":[],"class_list":["post-94607","post","type-post","status-publish","format-standard","hentry","category-barandilla"],"_links":{"self":[{"href":"https:\/\/plazajuarez.mx\/historico\/wp-json\/wp\/v2\/posts\/94607","targetHints":{"allow":["GET"]}}],"collection":[{"href":"https:\/\/plazajuarez.mx\/historico\/wp-json\/wp\/v2\/posts"}],"about":[{"href":"https:\/\/plazajuarez.mx\/historico\/wp-json\/wp\/v2\/types\/post"}],"author":[{"embeddable":true,"href":"https:\/\/plazajuarez.mx\/historico\/wp-json\/wp\/v2\/users\/6"}],"replies":[{"embeddable":true,"href":"https:\/\/plazajuarez.mx\/historico\/wp-json\/wp\/v2\/comments?post=94607"}],"version-history":[{"count":0,"href":"https:\/\/plazajuarez.mx\/historico\/wp-json\/wp\/v2\/posts\/94607\/revisions"}],"wp:attachment":[{"href":"https:\/\/plazajuarez.mx\/historico\/wp-json\/wp\/v2\/media?parent=94607"}],"wp:term":[{"taxonomy":"category","embeddable":true,"href":"https:\/\/plazajuarez.mx\/historico\/wp-json\/wp\/v2\/categories?post=94607"},{"taxonomy":"post_tag","embeddable":true,"href":"https:\/\/plazajuarez.mx\/historico\/wp-json\/wp\/v2\/tags?post=94607"}],"curies":[{"name":"wp","href":"https:\/\/api.w.org\/{rel}","templated":true}]}}