{"id":94606,"date":"2019-11-20T18:07:00","date_gmt":"2019-11-20T18:07:00","guid":{"rendered":"http:\/\/plazajuarez.mx\/index\/index.php\/2019\/11\/20\/en-vivo-desfile-conmemorativo-del-109-aniversario-del-inicio-de-la-revolucion-mexicana\/"},"modified":"2019-11-20T18:07:00","modified_gmt":"2019-11-20T18:07:00","slug":"en-vivo-desfile-conmemorativo-del-109-aniversario-del-inicio-de-la-revolucion-mexicana","status":"publish","type":"post","link":"https:\/\/plazajuarez.mx\/historico\/en-vivo-desfile-conmemorativo-del-109-aniversario-del-inicio-de-la-revolucion-mexicana\/","title":{"rendered":"Desfile conmemorativo del 109 Aniversario del inicio de la Revoluci\u00f3n Mexicana"},"content":{"rendered":"<p>Escenificaci\u00f3n hist\u00f3rica y desfile conmemorativo del 109 Aniversario del inicio de la Revoluci\u00f3n Mexicana, desde el Z\u00f3calo de la Ciudad de M\u00e9xico. <!--more--> <\/p>\n<p><p>   <center><iframe loading=\"lazy\" src=\"https:\/\/www.facebook.com\/plugins\/video.php?href=https%3A%2F%2Fwww.facebook.com%2Fgobmexico%2Fvideos%2F277000283224701%2F&#038;show_text=1&#038;width=560\" width=\"560\" height=\"445\" style=\"border:none;overflow:hidden\" scrolling=\"no\" frameborder=\"0\" allowTransparency=\"true\" allow=\"encrypted-media\" allowFullScreen=\"true\"><\/iframe><\/center><\/p>\n","protected":false},"excerpt":{"rendered":"<p>Escenificaci\u00f3n hist\u00f3rica y desfile conmemorativo del 109 Aniversario del inicio de la Revoluci\u00f3n Mexicana, desde el Z\u00f3calo de la Ciudad de M\u00e9xico.<\/p>\n","protected":false},"author":6,"featured_media":0,"comment_status":"open","ping_status":"open","sticky":false,"template":"","format":"standard","meta":{"footnotes":""},"categories":[36],"tags":[],"class_list":["post-94606","post","type-post","status-publish","format-standard","hentry","category-nacion"],"_links":{"self":[{"href":"https:\/\/plazajuarez.mx\/historico\/wp-json\/wp\/v2\/posts\/94606","targetHints":{"allow":["GET"]}}],"collection":[{"href":"https:\/\/plazajuarez.mx\/historico\/wp-json\/wp\/v2\/posts"}],"about":[{"href":"https:\/\/plazajuarez.mx\/historico\/wp-json\/wp\/v2\/types\/post"}],"author":[{"embeddable":true,"href":"https:\/\/plazajuarez.mx\/historico\/wp-json\/wp\/v2\/users\/6"}],"replies":[{"embeddable":true,"href":"https:\/\/plazajuarez.mx\/historico\/wp-json\/wp\/v2\/comments?post=94606"}],"version-history":[{"count":0,"href":"https:\/\/plazajuarez.mx\/historico\/wp-json\/wp\/v2\/posts\/94606\/revisions"}],"wp:attachment":[{"href":"https:\/\/plazajuarez.mx\/historico\/wp-json\/wp\/v2\/media?parent=94606"}],"wp:term":[{"taxonomy":"category","embeddable":true,"href":"https:\/\/plazajuarez.mx\/historico\/wp-json\/wp\/v2\/categories?post=94606"},{"taxonomy":"post_tag","embeddable":true,"href":"https:\/\/plazajuarez.mx\/historico\/wp-json\/wp\/v2\/tags?post=94606"}],"curies":[{"name":"wp","href":"https:\/\/api.w.org\/{rel}","templated":true}]}}