{"id":94605,"date":"2019-11-20T18:03:17","date_gmt":"2019-11-20T18:03:17","guid":{"rendered":"http:\/\/plazajuarez.mx\/index\/index.php\/2019\/11\/20\/propone-fernandez-norona-festejar-el-dia-del-chairo\/"},"modified":"2019-11-20T18:03:17","modified_gmt":"2019-11-20T18:03:17","slug":"propone-fernandez-norona-festejar-el-dia-del-chairo","status":"publish","type":"post","link":"https:\/\/plazajuarez.mx\/historico\/propone-fernandez-norona-festejar-el-dia-del-chairo\/","title":{"rendered":"Propone Fern\u00e1ndez Noro\u00f1a festejar el &#8220;d\u00eda del chairo&#8221;"},"content":{"rendered":"<p>Gerardo Fern\u00e1ndez Noro\u00f1a, pol\u00edtico simpatizante de la 4T, propuso a sus seguidores en Twitter que el 1 de diciembre sea el &#8220;d\u00eda del chairo&#8221;. <!--more--> <\/p>\n<p> &#8220;Este 1 de diciembre, tod@s a festejar. La Cuarta Rep\u00fablica, la chairotopia, feliz, feliz, feliz, feliz. #D\u00edaInternacionalDelChairo #MeCansoGanso&#8221;, escribi\u00f3 Fern\u00e1ndez Noro\u00f1a.<\/p>\n<p> Mientras algunos de sus seguidores estuvieron de acuerdo y lo tomaron a broma, otros reprobaron el sentido del humor del diputado.<\/p>\n<p> Esta ma\u00f1ana de mi\u00e9rcoles, Fern\u00e1ndez Noro\u00f1a asiste al desfile por la Revoluci\u00f3n Mexicana que encabeza el presidente Andr\u00e9s Manuel L\u00f3pez Obrador.<\/p>\n<blockquote class=\"twitter-tweet\">\n<p lang=\"es\" dir=\"ltr\">\u201cChairos del mundo, un\u00edos\u201d. Todos al Z\u00f3calo, el 1 de diciembre, a apoyar al compa\u00f1ero presidente <a href=\"https:\/\/twitter.com\/lopezobrador_?ref_src=twsrc%5Etfw\">@lopezobrador_<\/a>. Las chairas no pagar\u00e1n \u201ccover\u201d, jejeje; los chairos tampoco, aqu\u00ed hay igualdad.<\/p>\n<p>&mdash; Fern\u00e1ndez Noro\u00f1a (@fernandeznorona) <a href=\"https:\/\/twitter.com\/fernandeznorona\/status\/1196943370397966336?ref_src=twsrc%5Etfw\">November 20, 2019<\/a><\/p><\/blockquote>\n<p> <script async src=\"https:\/\/platform.twitter.com\/widgets.js\" charset=\"utf-8\"><\/script><\/p>\n<p><p>  <b>\u00bfQu\u00e9 es un &#8220;chairo&#8221;?<\/b><\/p>\n<p> &#8220;Chairo&#8221; es una palabra coloquial para denostar a los simpatizantes de izquierda, muchos de los cuales son seguidores del Presidente.<\/p>\n<p> La Academia Mexicana de la Lengua define a esa palabra como &#8220;persona que defiende causas sociales y pol\u00edticas en contra de las ideolog\u00edas de la derecha, pero a la que se atribuye falta de compromiso verdadero con lo que dice defender; persona que se autosatisface con sus actitudes&#8221;.<\/p>\n<p> Sin embargo reconoce que &#8220;el incremento en la frecuencia de esta voz desde inicios de 2018 probablemente se debi\u00f3 a la cercan\u00eda de las elecciones presidenciales mexicanas, periodo en el que se polarizaron las posturas y aquellos que atacaban al entonces candidato Andr\u00e9s Manuel L\u00f3pez Obrador fueron llamados, peyorativamente, fif\u00eds por los partidarios de \u00e9ste; en tanto que aqu\u00e9llos llamaron, en tono despectivo, chairos a los simpatizantes de AMLO&#8221;.<\/p>\n<p> Por ello es que a Fern\u00e1ndez Noro\u00f1a se le llama &#8220;chairo&#8221; en redes sociales&#8221;.<\/p>\n<p>\n","protected":false},"excerpt":{"rendered":"<p>Gerardo Fern\u00e1ndez Noro\u00f1a, pol\u00edtico simpatizante de la 4T, propuso a sus seguidores en Twitter que el 1 de diciembre sea el &#8220;d\u00eda del chairo&#8221;.<\/p>\n","protected":false},"author":6,"featured_media":0,"comment_status":"open","ping_status":"open","sticky":false,"template":"","format":"standard","meta":{"footnotes":""},"categories":[36],"tags":[],"class_list":["post-94605","post","type-post","status-publish","format-standard","hentry","category-nacion"],"_links":{"self":[{"href":"https:\/\/plazajuarez.mx\/historico\/wp-json\/wp\/v2\/posts\/94605","targetHints":{"allow":["GET"]}}],"collection":[{"href":"https:\/\/plazajuarez.mx\/historico\/wp-json\/wp\/v2\/posts"}],"about":[{"href":"https:\/\/plazajuarez.mx\/historico\/wp-json\/wp\/v2\/types\/post"}],"author":[{"embeddable":true,"href":"https:\/\/plazajuarez.mx\/historico\/wp-json\/wp\/v2\/users\/6"}],"replies":[{"embeddable":true,"href":"https:\/\/plazajuarez.mx\/historico\/wp-json\/wp\/v2\/comments?post=94605"}],"version-history":[{"count":0,"href":"https:\/\/plazajuarez.mx\/historico\/wp-json\/wp\/v2\/posts\/94605\/revisions"}],"wp:attachment":[{"href":"https:\/\/plazajuarez.mx\/historico\/wp-json\/wp\/v2\/media?parent=94605"}],"wp:term":[{"taxonomy":"category","embeddable":true,"href":"https:\/\/plazajuarez.mx\/historico\/wp-json\/wp\/v2\/categories?post=94605"},{"taxonomy":"post_tag","embeddable":true,"href":"https:\/\/plazajuarez.mx\/historico\/wp-json\/wp\/v2\/tags?post=94605"}],"curies":[{"name":"wp","href":"https:\/\/api.w.org\/{rel}","templated":true}]}}