{"id":94501,"date":"2019-11-19T05:49:30","date_gmt":"2019-11-19T05:49:30","guid":{"rendered":"http:\/\/plazajuarez.mx\/index\/index.php\/2019\/11\/19\/rio-revuelto-en-america-latina\/"},"modified":"2019-11-19T05:49:30","modified_gmt":"2019-11-19T05:49:30","slug":"rio-revuelto-en-america-latina","status":"publish","type":"post","link":"https:\/\/plazajuarez.mx\/historico\/rio-revuelto-en-america-latina\/","title":{"rendered":"R\u00edo revuelto en Am\u00e9rica Latina"},"content":{"rendered":"<p>\u00c1GORA<\/p>\n<p>\u00a0\u00a0 \u00a0\u2022\u00a0\u00a0 \u00a0En Chile, literalmente cientos de personas han perdido los ojos por causa de las balas de goma que se utilizan para reprimir las manifestaciones\u2028<\/p>\n<p>  <!--more-->  <\/p>\n<p>El r\u00edo anda revuelto en Am\u00e9rica Latina. Ecuador, Chile, Bolivia. Las izquierdas que se carcomen desde dentro, entre arengas panfletarias que les alejan de la praxis y reclamos de justicia que parecieran apelar, \u00fanicamente, a la \u201cbuena voluntad\u201d de quienes se benefician de las estructuras de desigualdad, en lugar de poner por delante la acci\u00f3n material como el \u00fanico instrumento de cambio aut\u00e9nticamente posible. Mientras tanto, la derecha olig\u00e1rquica y fascista, que aferr\u00e1ndose al poder o apresur\u00e1ndose a obtenerlo, marcha decidida, con la mirada altiva y el semblante cargado de cinismo, afilando los codos para golpear a su paso a todo aquel que se atreva a plantarle cara. <\/p>\n<p>En efecto, se tendr\u00eda que haber estado con la cabeza escondida debajo de la tierra para no advertir la trascendencia de los eventos que han acontecido en las \u00faltimas semanas en la regi\u00f3n latinoamericana. <\/p>\n<p>En Chile, literalmente cientos de personas han perdido los ojos por causa de las balas de goma que se utilizan para reprimir las manifestaciones. Y a pesar de que el gobierno de Sebasti\u00e1n Pi\u00f1era y la oposici\u00f3n han anunciado que en abril de 2020 se har\u00e1 un plebiscito para que la ciudadan\u00eda vote si quiere una nueva Constituci\u00f3n y qu\u00e9 tipo de \u00f3rgano debe redactarla, en el contexto del proceso para cambiar la Carta Magna creada durante el r\u00e9gimen militar de Augusto Pinochet, lo cierto es que se corre un riesgo grande de que la derecha oficialista resurja, finalmente, fortalecida y con renovados br\u00edos despu\u00e9s de todo lo sucedido, si no es que as\u00ed ha sido ya. <\/p>\n<p>A su vez, en Bolivia, la conservadora Jeanine \u00c1\u00f1ez se autoproclam\u00f3 Presidenta y al ingresar a la sede presidencial en la Paz, blandiendo un antiguo ejemplar de los cuatro evangelios entre gritos de &#8220;\u00a1Gloria a Dios!, \u00a1Gloria a Dios!&#8221;, exclam\u00f3: &#8220;Dios ha permitido que la Biblia vuelva a entrar a Palacio. Que \u00c9l nos Bendiga&#8221;. <\/p>\n<p>Cabe se\u00f1alar que antes de 2009, la Constituci\u00f3n Pol\u00edtica de Bolivia establec\u00eda que el &#8220;Estado reconoce y sostiene la religi\u00f3n cat\u00f3lica, apost\u00f3lica y romana&#8221; aunque reconoc\u00eda &#8220;el ejercicio p\u00fablico de todo culto\u201d. Sin embargo, con la Constituci\u00f3n de 2009, Bolivia asumi\u00f3 el car\u00e1cter de Estado laico, independiente de toda religi\u00f3n. <\/p>\n<p>Fernando Camacho, el ahora llamado \u201cBolsonaro Boliviano\u201d, es un empresario de ultraderecha, que ostenta profundos nexos con l\u00edderes de iglesias evang\u00e9licas y que se convirti\u00f3 en art\u00edfice del movimiento que logr\u00f3 la renuncia de Evo Morales. <\/p>\n<p>Al referirse a Camacho, el profesor Enrique Dussel resalt\u00f3 que \u00e9ste es parte de un \u201cfen\u00f3meno que ha pasado inadvertido\u201d, de grupos evang\u00e9licos que planean sacar la Pachamama de los lugares p\u00fablicos y en su lugar imponer su Biblia. <\/p>\n<p>Esta agenda religiosa, explica Dussel, toma la cultura popular y sobre todo la de los pueblos originarios como \u201cun horrible paganismo\u201d que el cristianismo debe reemplazar de tajantemente. \u201cEntonces, esa Biblia ya no es una Biblia cat\u00f3lica de derecha, es una Biblia evang\u00e9lica que vienen de las sectas norteamericanas que cambia la subjetividad de un ind\u00edgena que tiene su cultura y sus usos, y lo quiere transformar en un hombre moderno\u201d.<\/p>\n","protected":false},"excerpt":{"rendered":"<p>\u00c1GORA \u00a0\u00a0 \u00a0\u2022\u00a0\u00a0 \u00a0En Chile, literalmente cientos de personas han perdido los ojos por causa de las balas de goma que se utilizan para reprimir las manifestaciones\u2028<\/p>\n","protected":false},"author":93,"featured_media":0,"comment_status":"open","ping_status":"open","sticky":false,"template":"","format":"standard","meta":{"footnotes":""},"categories":[42],"tags":[],"class_list":["post-94501","post","type-post","status-publish","format-standard","hentry","category-nuestrapalabra"],"_links":{"self":[{"href":"https:\/\/plazajuarez.mx\/historico\/wp-json\/wp\/v2\/posts\/94501","targetHints":{"allow":["GET"]}}],"collection":[{"href":"https:\/\/plazajuarez.mx\/historico\/wp-json\/wp\/v2\/posts"}],"about":[{"href":"https:\/\/plazajuarez.mx\/historico\/wp-json\/wp\/v2\/types\/post"}],"author":[{"embeddable":true,"href":"https:\/\/plazajuarez.mx\/historico\/wp-json\/wp\/v2\/users\/93"}],"replies":[{"embeddable":true,"href":"https:\/\/plazajuarez.mx\/historico\/wp-json\/wp\/v2\/comments?post=94501"}],"version-history":[{"count":0,"href":"https:\/\/plazajuarez.mx\/historico\/wp-json\/wp\/v2\/posts\/94501\/revisions"}],"wp:attachment":[{"href":"https:\/\/plazajuarez.mx\/historico\/wp-json\/wp\/v2\/media?parent=94501"}],"wp:term":[{"taxonomy":"category","embeddable":true,"href":"https:\/\/plazajuarez.mx\/historico\/wp-json\/wp\/v2\/categories?post=94501"},{"taxonomy":"post_tag","embeddable":true,"href":"https:\/\/plazajuarez.mx\/historico\/wp-json\/wp\/v2\/tags?post=94501"}],"curies":[{"name":"wp","href":"https:\/\/api.w.org\/{rel}","templated":true}]}}