{"id":94362,"date":"2019-11-15T13:05:51","date_gmt":"2019-11-15T13:05:51","guid":{"rendered":"http:\/\/plazajuarez.mx\/index\/index.php\/2019\/11\/15\/recibira-190-mil-dolares-por-detencion-equivocada\/"},"modified":"2019-11-15T13:05:51","modified_gmt":"2019-11-15T13:05:51","slug":"recibira-190-mil-dolares-por-detencion-equivocada","status":"publish","type":"post","link":"https:\/\/plazajuarez.mx\/historico\/recibira-190-mil-dolares-por-detencion-equivocada\/","title":{"rendered":"Recibir\u00e1 190 mil d\u00f3lares por detenci\u00f3n equivocada"},"content":{"rendered":"<p>Veterano hispano de la infanter\u00eda de marina de EU <\/p>\n<p>\u00a0\u00a0 \u00a0\u2022\u00a0\u00a0 \u00a0Fue detenido durante tres d\u00edas\u2028<br \/>Inclusive fue amenazado con la deportaci\u00f3n a pesar de ser ciudadano estadounidense<\/p>\n<p>  <!--more-->  <\/p>\n<p>(EFE).- El veterano hispano de la infanter\u00eda de marina de EU, Jilmar Ramos-G\u00f3mez ser\u00e1 compensado con 190 mil d\u00f3lares por la ciudad de Grand Rapids (Michigan) tras ser detenido tres d\u00edas y ser amenazado con la deportaci\u00f3n a pesar de ser ciudadano estadounidense.<br \/>La Uni\u00f3n Americana de Libertades Civiles (ACLU) aplaudi\u00f3 ayer el reconocimiento de esa ciudad sobre su &#8220;responsabilidad&#8221;, lo que ha generado cambios, como el de no entregar indocumentados extranjeros a las autoridades migratorias desde agosto pasado.<br \/>La compensaci\u00f3n fue aprobada por el concejo municipal, como parte de un arreglo en una demanda por discriminaci\u00f3n racial presentada a nombre de Ramos-G\u00f3mez, de 27 a\u00f1os, por la ACLU, y el Centro de Derechos de los Inmigrantes de Michigan.<br \/>El veterano, nacido y criado en Grand Rapids, ha sido condecorado por su acci\u00f3n en combate en Afganist\u00e1n como tripulante de tanques, y sufre de trastorno postraum\u00e1tico.<br \/>Esa enfermedad habr\u00eda provocado su reacci\u00f3n en noviembre de 2018, cuando inici\u00f3 un peque\u00f1o incendio en un hospital local, accion\u00f3 la alarma de fuego para evacuar el edificio y fue detenido.<br \/>Seg\u00fan documentos de la demanda, Ramos-G\u00f3mez compareci\u00f3 ante un juez, que dispuso su libertad bajo palabra, pero la polic\u00eda lo entreg\u00f3 a la Oficina de Inmigraci\u00f3n y Aduanas (ICE) por sospechar de que se tratar\u00eda de un indocumentado.<br \/>El veterano, de 27 a\u00f1os, estuvo en custodia de ICE durante tres d\u00edas, hasta que sus familiares presentaron su pasaporte como prueba de nacionalidad, y pruebas de servicios con los Marines.<br \/>La demanda se\u00f1ala que Polic\u00eda e ICE supieron en todo momento la nacionalidad de Ramos-G\u00f3mez, y que se trataba de un ex soldado con problemas m\u00e9dicos, pero fue discriminado &#8220;por su nombre, color de la piel y antecedentes \u00e9tnicos&#8221;.<br \/>Su madre, la guatemalteca Mar\u00eda G\u00f3mez-Vel\u00e1zquez, declar\u00f3 que su hijo &#8220;nunca fue escuchado&#8221; por los agentes que lo detuvieron, a quienes &#8220;nunca les import\u00f3 lo que hizo por el pa\u00eds&#8221; en los Marines.<\/p>\n","protected":false},"excerpt":{"rendered":"<p>Veterano hispano de la infanter\u00eda de marina de EU \u00a0\u00a0 \u00a0\u2022\u00a0\u00a0 \u00a0Fue detenido durante tres d\u00edas\u2028Inclusive fue amenazado con la deportaci\u00f3n a pesar de ser ciudadano estadounidense<\/p>\n","protected":false},"author":93,"featured_media":0,"comment_status":"open","ping_status":"open","sticky":false,"template":"","format":"standard","meta":{"footnotes":""},"categories":[31],"tags":[],"class_list":["post-94362","post","type-post","status-publish","format-standard","hentry","category-orbe"],"_links":{"self":[{"href":"https:\/\/plazajuarez.mx\/historico\/wp-json\/wp\/v2\/posts\/94362","targetHints":{"allow":["GET"]}}],"collection":[{"href":"https:\/\/plazajuarez.mx\/historico\/wp-json\/wp\/v2\/posts"}],"about":[{"href":"https:\/\/plazajuarez.mx\/historico\/wp-json\/wp\/v2\/types\/post"}],"author":[{"embeddable":true,"href":"https:\/\/plazajuarez.mx\/historico\/wp-json\/wp\/v2\/users\/93"}],"replies":[{"embeddable":true,"href":"https:\/\/plazajuarez.mx\/historico\/wp-json\/wp\/v2\/comments?post=94362"}],"version-history":[{"count":0,"href":"https:\/\/plazajuarez.mx\/historico\/wp-json\/wp\/v2\/posts\/94362\/revisions"}],"wp:attachment":[{"href":"https:\/\/plazajuarez.mx\/historico\/wp-json\/wp\/v2\/media?parent=94362"}],"wp:term":[{"taxonomy":"category","embeddable":true,"href":"https:\/\/plazajuarez.mx\/historico\/wp-json\/wp\/v2\/categories?post=94362"},{"taxonomy":"post_tag","embeddable":true,"href":"https:\/\/plazajuarez.mx\/historico\/wp-json\/wp\/v2\/tags?post=94362"}],"curies":[{"name":"wp","href":"https:\/\/api.w.org\/{rel}","templated":true}]}}