{"id":94354,"date":"2019-11-15T13:06:16","date_gmt":"2019-11-15T13:06:16","guid":{"rendered":"http:\/\/plazajuarez.mx\/index\/index.php\/2019\/11\/15\/discutio-con-su-pareja-luego-se-emborracho-y-opto-por-acabar-con-su-existencia\/"},"modified":"2019-11-15T13:06:16","modified_gmt":"2019-11-15T13:06:16","slug":"discutio-con-su-pareja-luego-se-emborracho-y-opto-por-acabar-con-su-existencia","status":"publish","type":"post","link":"https:\/\/plazajuarez.mx\/historico\/discutio-con-su-pareja-luego-se-emborracho-y-opto-por-acabar-con-su-existencia\/","title":{"rendered":"Discuti\u00f3 con su pareja, luego se emborrach\u00f3 y opt\u00f3 por acabar con su existencia"},"content":{"rendered":"<p>EN SAN FRANCISCO BOJAY <\/p>\n<p>Su hija ya no escuch\u00f3 movimientos, fue a verlo y lo hall\u00f3 muerto; el hombre ten\u00eda 48 a\u00f1os<\/p>\n<p>  <!--more-->  <\/p>\n<p>Vecinos de una colonia del municipio de Tula de Allende reportaron el suicidio de un individuo, por lo que al lugar acudieron elementos polic\u00edacos, socorristas y param\u00e9dicos, que tomaron conocimiento y certificaron el deceso de la v\u00edctima.<br \/>Fue la madrugada de ayer, cuando el personal de guardia de la polic\u00eda municipal de Tula, recibi\u00f3 el reporte del Subcentro C4, sobre el posible suicidio de una persona del g\u00e9nero masculino.<br \/>En el domicilio ubicado en la colonia San Francisco Bojay, la polic\u00eda se entrevist\u00f3 con quien dijo ser hijo de la persona, mencionando que su padre hab\u00eda tenido una discusi\u00f3n con su pareja y despu\u00e9s lo vio consumir bebidas et\u00edlicas en su habitaci\u00f3n.<br \/>M\u00e1s tarde, como ya no escuch\u00f3 movimientos fue a verlo y hall\u00f3 muerto a su padre qui\u00e9n ten\u00eda 48 a\u00f1os de edad.<br \/>Finalmente el cuerpo fue levantado por el personal de Servicios Periciales.<\/p>\n","protected":false},"excerpt":{"rendered":"<p>EN SAN FRANCISCO BOJAY Su hija ya no escuch\u00f3 movimientos, fue a verlo y lo hall\u00f3 muerto; el hombre ten\u00eda 48 a\u00f1os<\/p>\n","protected":false},"author":93,"featured_media":0,"comment_status":"open","ping_status":"open","sticky":false,"template":"","format":"standard","meta":{"footnotes":""},"categories":[37],"tags":[],"class_list":["post-94354","post","type-post","status-publish","format-standard","hentry","category-barandilla"],"_links":{"self":[{"href":"https:\/\/plazajuarez.mx\/historico\/wp-json\/wp\/v2\/posts\/94354","targetHints":{"allow":["GET"]}}],"collection":[{"href":"https:\/\/plazajuarez.mx\/historico\/wp-json\/wp\/v2\/posts"}],"about":[{"href":"https:\/\/plazajuarez.mx\/historico\/wp-json\/wp\/v2\/types\/post"}],"author":[{"embeddable":true,"href":"https:\/\/plazajuarez.mx\/historico\/wp-json\/wp\/v2\/users\/93"}],"replies":[{"embeddable":true,"href":"https:\/\/plazajuarez.mx\/historico\/wp-json\/wp\/v2\/comments?post=94354"}],"version-history":[{"count":0,"href":"https:\/\/plazajuarez.mx\/historico\/wp-json\/wp\/v2\/posts\/94354\/revisions"}],"wp:attachment":[{"href":"https:\/\/plazajuarez.mx\/historico\/wp-json\/wp\/v2\/media?parent=94354"}],"wp:term":[{"taxonomy":"category","embeddable":true,"href":"https:\/\/plazajuarez.mx\/historico\/wp-json\/wp\/v2\/categories?post=94354"},{"taxonomy":"post_tag","embeddable":true,"href":"https:\/\/plazajuarez.mx\/historico\/wp-json\/wp\/v2\/tags?post=94354"}],"curies":[{"name":"wp","href":"https:\/\/api.w.org\/{rel}","templated":true}]}}