{"id":94338,"date":"2019-11-15T13:05:32","date_gmt":"2019-11-15T13:05:32","guid":{"rendered":"http:\/\/plazajuarez.mx\/index\/index.php\/2019\/11\/15\/proximo-21-de-noviembre-vence-la-convocatoria-para-renovacion-del-itaih\/"},"modified":"2019-11-15T13:05:32","modified_gmt":"2019-11-15T13:05:32","slug":"proximo-21-de-noviembre-vence-la-convocatoria-para-renovacion-del-itaih","status":"publish","type":"post","link":"https:\/\/plazajuarez.mx\/historico\/proximo-21-de-noviembre-vence-la-convocatoria-para-renovacion-del-itaih\/","title":{"rendered":"Pr\u00f3ximo 21 de noviembre vence la convocatoria para renovaci\u00f3n del ITAIH"},"content":{"rendered":"<p>EN EL CONGRESO LOCAL <br \/>*Hasta el momento se han recibido tres propuestas de perfiles <\/p>\n<p>  <!--more-->  <\/p>\n<p>Hasta el momento se cuenta con tres perfiles que buscan ser designados como comisionados del Instituto de Transparencia, Acceso a la Informaci\u00f3n P\u00fablica Gubernamental y Protecci\u00f3n de Datos Personales (Itaih), seg\u00fan informaron diputados integrantes de la Comisi\u00f3n de Transparencia y Anticorrupci\u00f3n del Congreso local, sin embargo para la renovaci\u00f3n existen 10 vacantes: Cinco como comisionados y cinco m\u00e1s como suplentes. <br \/>De acuerdo con los diputados, desde el pasado 6 de noviembre, fecha en\u00a0 que se abri\u00f3 y se hizo p\u00fablica la convocatoria a trav\u00e9s de las distintas redes sociales y medios de comunicaci\u00f3n, se han recibido tres propuestas para el proceso de selecci\u00f3n aunque refirieron que ser\u00e1 hasta el jueves 21 de noviembre cuando se cierre el periodo para la recepci\u00f3n de solicitudes en el Congreso.<br \/>Por lo anterior y posterior a los cinco d\u00edas h\u00e1biles siguientes (martes 26 de noviembre), se realizar\u00e1 un informe que contenga el n\u00famero de aspirantes registrados y que cumplieron con los requisitos que marca la ley y la convocatoria. \u201cEn el informe se plasmar\u00e1 la versi\u00f3n p\u00fablica de los curr\u00edculos vitae de los aspirantes, las cartas de motivos, as\u00ed como el calendario de comparecencias que se realizar\u00e1n aqu\u00ed en el Congreso del estado de Hidalgo\u201d, dijeron.<br \/>De igual forma, puntualizaron que las comparecencias de las y los aspirantes, se tendr\u00e1n que realizar, a partir del pr\u00f3ximo mi\u00e9rcoles 27 de noviembre hasta el 10 de diciembre del a\u00f1o en curso, en la Sala Ju\u00e1rez que se ubica en el cuarto piso de la Torre Legislativa. \u201cLas y los comparecientes, pasar\u00e1n en orden alfab\u00e9tico de los apellidos, teniendo 45 minutos por participante, quienes, en ese tiempo, presentar\u00e1n su perfil de idoneidad, as\u00ed como resolver cuestionamientos de las y los integrantes de la comisi\u00f3n\u201d, agregaron.<br \/>Y el \u00faltimo paso, ser\u00eda que cuando se concluya el proceso anteriormente descrito, la Comisi\u00f3n de Transparencia y Anticorrupci\u00f3n deber\u00e1 emitir un dictamen de las personas que ocupar\u00e1n el cargo, el cual deber\u00e1 contener el nombre de las personas propietarias y sus respectivos suplentes, el tiempo que estar\u00e1n en el cargo y, atendiendo al principio de paridad de g\u00e9nero, deber\u00e1n ser tres mujeres y dos hombres o tres hombres y dos mujeres para que sea aprobado en el pleno. <\/p>\n","protected":false},"excerpt":{"rendered":"<p>EN EL CONGRESO LOCAL *Hasta el momento se han recibido tres propuestas de perfiles<\/p>\n","protected":false},"author":93,"featured_media":0,"comment_status":"open","ping_status":"open","sticky":false,"template":"","format":"standard","meta":{"footnotes":""},"categories":[59],"tags":[],"class_list":["post-94338","post","type-post","status-publish","format-standard","hentry","category-general"],"_links":{"self":[{"href":"https:\/\/plazajuarez.mx\/historico\/wp-json\/wp\/v2\/posts\/94338","targetHints":{"allow":["GET"]}}],"collection":[{"href":"https:\/\/plazajuarez.mx\/historico\/wp-json\/wp\/v2\/posts"}],"about":[{"href":"https:\/\/plazajuarez.mx\/historico\/wp-json\/wp\/v2\/types\/post"}],"author":[{"embeddable":true,"href":"https:\/\/plazajuarez.mx\/historico\/wp-json\/wp\/v2\/users\/93"}],"replies":[{"embeddable":true,"href":"https:\/\/plazajuarez.mx\/historico\/wp-json\/wp\/v2\/comments?post=94338"}],"version-history":[{"count":0,"href":"https:\/\/plazajuarez.mx\/historico\/wp-json\/wp\/v2\/posts\/94338\/revisions"}],"wp:attachment":[{"href":"https:\/\/plazajuarez.mx\/historico\/wp-json\/wp\/v2\/media?parent=94338"}],"wp:term":[{"taxonomy":"category","embeddable":true,"href":"https:\/\/plazajuarez.mx\/historico\/wp-json\/wp\/v2\/categories?post=94338"},{"taxonomy":"post_tag","embeddable":true,"href":"https:\/\/plazajuarez.mx\/historico\/wp-json\/wp\/v2\/tags?post=94338"}],"curies":[{"name":"wp","href":"https:\/\/api.w.org\/{rel}","templated":true}]}}