{"id":94337,"date":"2019-11-15T13:05:31","date_gmt":"2019-11-15T13:05:31","guid":{"rendered":"http:\/\/plazajuarez.mx\/index\/index.php\/2019\/11\/15\/septima-edicion-de-la-feria-de-oferta-educativa\/"},"modified":"2019-11-15T13:05:31","modified_gmt":"2019-11-15T13:05:31","slug":"septima-edicion-de-la-feria-de-oferta-educativa","status":"publish","type":"post","link":"https:\/\/plazajuarez.mx\/historico\/septima-edicion-de-la-feria-de-oferta-educativa\/","title":{"rendered":"S\u00e9ptima Edici\u00f3n de la Feria de Oferta Educativa"},"content":{"rendered":"<p>HOY, EN PLAZA INDEPENDENCIA\u00a0 \u00a0\u00a0 <br \/>\u00a0\u00a0 \u00a0\u2022\u00a0\u00a0 \u00a0Participaci\u00f3n de m\u00e1s de 60 instituciones acad\u00e9micas, p\u00fablicas y privadas\u2028<\/p>\n<p>  <!--more-->  <\/p>\n<p>Alrededor de 60 instituci\u00f3n acad\u00e9mica p\u00fablicas y privadas participar\u00e1n, hoy, en la tercera edici\u00f3n de la Feria \u201cOferta Educativa\u201d que se desarrollar\u00e1 en Plaza Independencia a partir de las 10 de la ma\u00f1ana y hasta las 15 horas.<br \/>Cabe destacar que este evento es resultado de la coordinaci\u00f3n entre la presidencia municipal de Pachuca encabezada por Yolanda Teller\u00eda Beltr\u00e1n y el sector educativo, con la finalidad de ofrecer informaci\u00f3n sobre las instituciones acad\u00e9micas.<br \/>Adem\u00e1s tiene el prop\u00f3sito de establecer un v\u00ednculo entre los ofertantes de opciones educativas y los interesados, y dar a conocer alternativas para combatir el rezago acad\u00e9mico en la capital hidalguense.<br \/>Al respecto, Danah\u00e9 D\u00edaz Herrera, titular de la Secretar\u00eda de Desarrollo Social y Humano de Pachuca agreg\u00f3 que \u201cadem\u00e1s de difundir la oferta educativa, tambi\u00e9n se busca que las personas que por circunstancias econ\u00f3micas un puedan continuar sus estudios, conozcan otras alternativas para acceder y concluir el programa acad\u00e9mico que les interese\u201d.<br \/>En ese sentido, puntualiz\u00f3 que dentro de la S\u00e9ptima Feria de Oferta Educativa se contar\u00e1 con un Banco de Becas, dirigido a personas de escasos recursos. <\/p>\n","protected":false},"excerpt":{"rendered":"<p>HOY, EN PLAZA INDEPENDENCIA\u00a0 \u00a0\u00a0 \u00a0\u00a0 \u00a0\u2022\u00a0\u00a0 \u00a0Participaci\u00f3n de m\u00e1s de 60 instituciones acad\u00e9micas, p\u00fablicas y privadas\u2028<\/p>\n","protected":false},"author":93,"featured_media":0,"comment_status":"open","ping_status":"open","sticky":false,"template":"","format":"standard","meta":{"footnotes":""},"categories":[59],"tags":[],"class_list":["post-94337","post","type-post","status-publish","format-standard","hentry","category-general"],"_links":{"self":[{"href":"https:\/\/plazajuarez.mx\/historico\/wp-json\/wp\/v2\/posts\/94337","targetHints":{"allow":["GET"]}}],"collection":[{"href":"https:\/\/plazajuarez.mx\/historico\/wp-json\/wp\/v2\/posts"}],"about":[{"href":"https:\/\/plazajuarez.mx\/historico\/wp-json\/wp\/v2\/types\/post"}],"author":[{"embeddable":true,"href":"https:\/\/plazajuarez.mx\/historico\/wp-json\/wp\/v2\/users\/93"}],"replies":[{"embeddable":true,"href":"https:\/\/plazajuarez.mx\/historico\/wp-json\/wp\/v2\/comments?post=94337"}],"version-history":[{"count":0,"href":"https:\/\/plazajuarez.mx\/historico\/wp-json\/wp\/v2\/posts\/94337\/revisions"}],"wp:attachment":[{"href":"https:\/\/plazajuarez.mx\/historico\/wp-json\/wp\/v2\/media?parent=94337"}],"wp:term":[{"taxonomy":"category","embeddable":true,"href":"https:\/\/plazajuarez.mx\/historico\/wp-json\/wp\/v2\/categories?post=94337"},{"taxonomy":"post_tag","embeddable":true,"href":"https:\/\/plazajuarez.mx\/historico\/wp-json\/wp\/v2\/tags?post=94337"}],"curies":[{"name":"wp","href":"https:\/\/api.w.org\/{rel}","templated":true}]}}