{"id":94276,"date":"2019-11-14T00:18:02","date_gmt":"2019-11-14T00:18:02","guid":{"rendered":"http:\/\/plazajuarez.mx\/index\/index.php\/2019\/11\/14\/captan-en-video-detencion-de-asaltantes-en-tec-de-monterrey\/"},"modified":"2019-11-14T00:18:02","modified_gmt":"2019-11-14T00:18:02","slug":"captan-en-video-detencion-de-asaltantes-en-tec-de-monterrey","status":"publish","type":"post","link":"https:\/\/plazajuarez.mx\/historico\/captan-en-video-detencion-de-asaltantes-en-tec-de-monterrey\/","title":{"rendered":"Captan en video detenci\u00f3n de asaltantes en Tec de Monterrey"},"content":{"rendered":"<p>C\u00e1maras del Centro de Comando, Control, C\u00f3mputo, Comunicaciones y Contacto Ciudadano de la Ciudad de M\u00e9xico (C5) captaron el momento en que implicados en el robo a un hombre al interior del Tec de Monterrey, campus Santa Fe, fueron detenidos. <!--more--> <\/p>\n<p> En el material audiovisual difundido se percibe el momento en que una patrulla de Seguridad Ciudadana se estaciona sobre un paso peatonal, bloqueando la circulaci\u00f3n, cuyos elementos descienden para dirigirse directamente a un veh\u00edculo, en el cual viajan dos sujetos.<\/p>\n<p> Dicho auto, de acuerdo con SSC, sirvi\u00f3 de muro para que dos tripulantes de una moto consumaran el robo en el estacionamiento del campus.<\/p>\n<p> Las c\u00e1maras de videovigilancia dieron seguimiento al veh\u00edculo hasta el cruce de las calles Felipe Carrillo Puerto y Lago Chiem, en la colonia Ventura P\u00e9rez de Alba, en Miguel Hidalgo, donde fueron detenidos un sujeto de 27 a\u00f1os de edad y otro de 17.<\/p>\n<p> Se destac\u00f3 que el auto ya se encontraba bajo seguimiento de la dependencia, pues &#8220;posiblemente particip\u00f3 en otros eventos de robo a transe\u00fante&#8221;.<\/p>\n<p> <center><iframe loading=\"lazy\" width=\"560\" height=\"315\" src=\"https:\/\/www.youtube.com\/embed\/pr_AamU7QPw\" frameborder=\"0\" allow=\"accelerometer; autoplay; encrypted-media; gyroscope; picture-in-picture\" allowfullscreen><\/iframe><\/center><\/p>\n<p> <b>\u00bfQu\u00e9 pas\u00f3 en el Tec de Monterrey de Santa Fe?<\/b><\/p>\n<p> Una movilizaci\u00f3n de cuerpos de emergencia se registr\u00f3 en las inmediaciones del Tecnol\u00f3gico de Monterrey campus Sante Fe luego de que se reportara una persona lesionada por arma de fuego.<\/p>\n<p> Primeras versiones refieren que el lesionado es un trabajador de una cafeter\u00eda del plantel, quien minutos antes retir\u00f3 42 mil pesos de una sucursal bancaria.<\/p>\n<p> Los presuntos asaltantes intentaron despojarlo de sus pertenencias por lo que accionaron el arma de fuego cuando la v\u00edctima se dispon\u00eda a ingresar al campus.<\/p>\n<p> Cuerpos de emergencia de la alcald\u00eda \u00c1lvaro Obreg\u00f3n trasladaron al lesionado a un hospital cercano.<\/p>\n<p> <b>\u00bfCu\u00e1l es la versi\u00f3n del Tec por los disparos en el campus Santa Fe?<\/b><\/p>\n<p> En tanto, el Tecnol\u00f3gico de Monterrey inform\u00f3 que los agresores ingresaron a la instituci\u00f3n acad\u00e9mica en una motocicleta.<\/p>\n<p> Seg\u00fan se lee en un comunicado, aparentemente persegu\u00edan a un concesionario de alimentos que hab\u00eda salido de un banco cerca de la zona.<\/p>\n<p> &#8220;Los asaltantes interceptaron e hirieron en una pierna. Inmediatamente se dio aviso a los servicios de emergencia y se presentaron en el lugar ambulancias y patrullas&#8221;, se lee en el comunicado.<\/p>\n<p>\n","protected":false},"excerpt":{"rendered":"<p>C\u00e1maras del Centro de Comando, Control, C\u00f3mputo, Comunicaciones y Contacto Ciudadano de la Ciudad de M\u00e9xico (C5) captaron el momento en que implicados en el robo a un hombre al interior del Tec de Monterrey, campus Santa Fe, fueron detenidos.<\/p>\n","protected":false},"author":6,"featured_media":0,"comment_status":"open","ping_status":"open","sticky":false,"template":"","format":"standard","meta":{"footnotes":""},"categories":[37],"tags":[],"class_list":["post-94276","post","type-post","status-publish","format-standard","hentry","category-barandilla"],"_links":{"self":[{"href":"https:\/\/plazajuarez.mx\/historico\/wp-json\/wp\/v2\/posts\/94276","targetHints":{"allow":["GET"]}}],"collection":[{"href":"https:\/\/plazajuarez.mx\/historico\/wp-json\/wp\/v2\/posts"}],"about":[{"href":"https:\/\/plazajuarez.mx\/historico\/wp-json\/wp\/v2\/types\/post"}],"author":[{"embeddable":true,"href":"https:\/\/plazajuarez.mx\/historico\/wp-json\/wp\/v2\/users\/6"}],"replies":[{"embeddable":true,"href":"https:\/\/plazajuarez.mx\/historico\/wp-json\/wp\/v2\/comments?post=94276"}],"version-history":[{"count":0,"href":"https:\/\/plazajuarez.mx\/historico\/wp-json\/wp\/v2\/posts\/94276\/revisions"}],"wp:attachment":[{"href":"https:\/\/plazajuarez.mx\/historico\/wp-json\/wp\/v2\/media?parent=94276"}],"wp:term":[{"taxonomy":"category","embeddable":true,"href":"https:\/\/plazajuarez.mx\/historico\/wp-json\/wp\/v2\/categories?post=94276"},{"taxonomy":"post_tag","embeddable":true,"href":"https:\/\/plazajuarez.mx\/historico\/wp-json\/wp\/v2\/tags?post=94276"}],"curies":[{"name":"wp","href":"https:\/\/api.w.org\/{rel}","templated":true}]}}