{"id":94273,"date":"2019-11-13T22:12:01","date_gmt":"2019-11-13T22:12:01","guid":{"rendered":"http:\/\/plazajuarez.mx\/index\/index.php\/2019\/11\/13\/evo-morales-huesped-distinguido-de-la-cdmx\/"},"modified":"2019-11-13T22:12:01","modified_gmt":"2019-11-13T22:12:01","slug":"evo-morales-huesped-distinguido-de-la-cdmx","status":"publish","type":"post","link":"https:\/\/plazajuarez.mx\/historico\/evo-morales-huesped-distinguido-de-la-cdmx\/","title":{"rendered":"Evo Morales, hu\u00e9sped distinguido de la CDMX"},"content":{"rendered":"<p>El Gobierno de la Ciudad de M\u00e9xico nombr\u00f3 hu\u00e9sped distinguido al expresidente de Bolivia, Evo Morales, quien agradeci\u00f3 a M\u00e9xico por su recibimiento y asegur\u00f3 que no renunci\u00f3 por cobarde, sino para cuidar la vida de los bolivarianos. <!--more--> <\/p>\n<p> &#8220;Mi delito fue ser el primer presidente ind\u00edgena de Bolivia, mi delito fue haber implementado programas para los m\u00e1s humildes, la reducci\u00f3n de la extrema pobreza; en lo econ\u00f3mico nacionalizamos, en lo social lo que hicimos fue redistribuir la riqueza a la gente m\u00e1s humilde, m\u00e1s pobre&#8221;, coment\u00f3 el exmandatario de Bolivia.<\/p>\n<p> Coment\u00f3 que esta distinci\u00f3n de hu\u00e9sped distinguido es para sus compatriotas que se siguen movilizando por &#8220;la defensa de la democracia, en la defensa de los derechos adquiridos&#8221;, y recomend\u00f3 que debe haber un di\u00e1logo nacional para resolver la situaci\u00f3n de su pa\u00eds.<\/p>\n<p> La jefa de Gobierno, Claudia Sheinbaum, coment\u00f3 que esta distinci\u00f3n se le entreg\u00f3 por los logros como presidente constitucional del Estado Plurinacional de Bolivia, principalmente la reducci\u00f3n de la pobreza, la reducci\u00f3n de la deuda externa, triplicar el PIB per c\u00e1pita y aumentar los ingresos de yacimientos petrol\u00edferos, entre otras acciones.<\/p>\n<p> &#8220;Para aquellos que tengan duda, el protocolo para la entrega de preseas del Gobierno de la Ciudad de M\u00e9xico establece que se nombrar\u00e1 hu\u00e9sped distinguido a los alcaldes, gobernadores, jefes de Gobierno locales e internacionales, y figuras cuya trayectoria los destaque o haya destacado en el \u00e1mbito pol\u00edtico-internacional, como es el caso de expresidentes o exministros.<\/p>\n<p> &#8220;Pero m\u00e1s all\u00e1 de protocolos, hay muchas razones para darle la medalla y el pergamino de hu\u00e9sped distinguido de la Ciudad de M\u00e9xico (a Evo)&#8221;, dijo.<\/p>\n<p> Respald\u00f3 la postura del presidente Andr\u00e9s Manuel L\u00f3pez Obrador a trav\u00e9s de la Secretar\u00eda de Relaciones Exteriores, quien calific\u00f3 como un golpe de Estado lo ocurrido en Bolivia contra el presidente Evo Morales.<\/p>\n<p> &#8220;Esta posici\u00f3n es la reivindicaci\u00f3n de la mejor tradici\u00f3n de M\u00e9xico en su pol\u00edtica internacional, como lo mencion\u00f3 el secretario de Relaciones Exteriores: el asilo es una tradici\u00f3n mexicana que data desde la pol\u00edtica exterior, que se implement\u00f3 especialmente a partir de la Doctrina Estrada.<\/p>\n<p> &#8220;Y esa tradici\u00f3n de respeto y de compromiso con el derecho de asilo es uno de los timbres de orgullo de la pol\u00edtica exterior de M\u00e9xico. Esta tradici\u00f3n liberal y humanista es reconocida en el art\u00edculo 20 de la Constituci\u00f3n Pol\u00edtica de la Ciudad de M\u00e9xico, que nos establece claramente como la Ciudad de Derechos que somos y reivindicamos.<\/p>\n<p> &#8220;La Ciudad de M\u00e9xico reafirma su hist\u00f3rica vocaci\u00f3n pacifista, solidaria, hospitalaria y de asilo&#8221;, expuso la mandataria local.<\/p>\n<p>\n","protected":false},"excerpt":{"rendered":"<p>El Gobierno de la Ciudad de M\u00e9xico nombr\u00f3 hu\u00e9sped distinguido al expresidente de Bolivia, Evo Morales, quien agradeci\u00f3 a M\u00e9xico por su recibimiento y asegur\u00f3 que no renunci\u00f3 por cobarde, sino para cuidar la vida de los bolivarianos.<\/p>\n","protected":false},"author":6,"featured_media":0,"comment_status":"open","ping_status":"open","sticky":false,"template":"","format":"standard","meta":{"footnotes":""},"categories":[36],"tags":[],"class_list":["post-94273","post","type-post","status-publish","format-standard","hentry","category-nacion"],"_links":{"self":[{"href":"https:\/\/plazajuarez.mx\/historico\/wp-json\/wp\/v2\/posts\/94273","targetHints":{"allow":["GET"]}}],"collection":[{"href":"https:\/\/plazajuarez.mx\/historico\/wp-json\/wp\/v2\/posts"}],"about":[{"href":"https:\/\/plazajuarez.mx\/historico\/wp-json\/wp\/v2\/types\/post"}],"author":[{"embeddable":true,"href":"https:\/\/plazajuarez.mx\/historico\/wp-json\/wp\/v2\/users\/6"}],"replies":[{"embeddable":true,"href":"https:\/\/plazajuarez.mx\/historico\/wp-json\/wp\/v2\/comments?post=94273"}],"version-history":[{"count":0,"href":"https:\/\/plazajuarez.mx\/historico\/wp-json\/wp\/v2\/posts\/94273\/revisions"}],"wp:attachment":[{"href":"https:\/\/plazajuarez.mx\/historico\/wp-json\/wp\/v2\/media?parent=94273"}],"wp:term":[{"taxonomy":"category","embeddable":true,"href":"https:\/\/plazajuarez.mx\/historico\/wp-json\/wp\/v2\/categories?post=94273"},{"taxonomy":"post_tag","embeddable":true,"href":"https:\/\/plazajuarez.mx\/historico\/wp-json\/wp\/v2\/tags?post=94273"}],"curies":[{"name":"wp","href":"https:\/\/api.w.org\/{rel}","templated":true}]}}