{"id":94272,"date":"2019-11-13T22:09:10","date_gmt":"2019-11-13T22:09:10","guid":{"rendered":"http:\/\/plazajuarez.mx\/index\/index.php\/2019\/11\/13\/pan-acudira-a-la-corte-interamericana-por-caso-cndh\/"},"modified":"2019-11-13T22:09:10","modified_gmt":"2019-11-13T22:09:10","slug":"pan-acudira-a-la-corte-interamericana-por-caso-cndh","status":"publish","type":"post","link":"https:\/\/plazajuarez.mx\/historico\/pan-acudira-a-la-corte-interamericana-por-caso-cndh\/","title":{"rendered":"PAN acudir\u00e1 a la Corte Interamericana por caso CNDH"},"content":{"rendered":"<p>El Partido Acci\u00f3n Nacional (PAN) en el Senado anunci\u00f3 que acudir\u00e1 a la Corte Interamericana de los Derechos Humanos, as\u00ed como a la Suprema Corte, por la violar la Constituci\u00f3n en la elecci\u00f3n de la presidencia de la Comisi\u00f3n Nacional de los Derechos Humanos (CNDH). <!--more--> <\/p>\n<p>  La senadora Kenia L\u00f3pez dijo que a Morena no le import\u00f3 con tal de conseguir su objetivo, y su objetivo era imponer a quien el presidente L\u00f3pez Obrador quiere, es decir, Rosario Piedra.<\/p>\n<p>  &#8220;Es necesario que lo que pas\u00f3 ayer se clarifique; no tuvieron las dos terceras partes que la Constituci\u00f3n establece, no les import\u00f3, es incre\u00edble ver las escenas entre gritos, pancartas, empujones, eso no se lo merec\u00eda la Comisi\u00f3n Nacional de los Derechos Humano&#8221;, indic\u00f3.<\/p>\n<p>  En entrevista, L\u00f3pez Rabad\u00e1n sostuvo que hay muchas personas que se pueden inconformar en diversas instancias, nacionales como internacionales; entre ellos los candidatos, los senadores, y los ciudadanos, todos aquellos que se sientan agraviados.<\/p>\n<p>  &#8220;Yo te dir\u00e9, esto es una lucha que apenas empieza, falta mucho en este proceso, en t\u00e9rminos legales, pero sobre todo est\u00e1 empezando a despertar esta necesidad de que el &#8220;mayoriteo&#8221;, la violencia adentro de los recintos, el exceso que ha ocupado Morena, es incre\u00edble en la C\u00e1mara de Diputados, si no ganas las votaciones, o en la C\u00e1mara de Senadores, si no ganan las votaciones las repiten; o si no, se roban los votos; o si no, imponen lo que quieren, simple y sencillamente, porque piensan que 30 millones de votos los siguen respaldando, yo creo que ya no es as\u00ed&#8221;, expres\u00f3.<\/p>\n<p>  La panista apunt\u00f3 que es evidente que ayer hubo un parteaguas en el Senado, por lo que ser\u00e1 un proceso largo, pero &#8220;vamos a dar la batalla legal&#8221;.<\/p>\n<p>\n","protected":false},"excerpt":{"rendered":"<p>El Partido Acci\u00f3n Nacional (PAN) en el Senado anunci\u00f3 que acudir\u00e1 a la Corte Interamericana de los Derechos Humanos, as\u00ed como a la Suprema Corte, por la violar la Constituci\u00f3n en la elecci\u00f3n de la presidencia de la Comisi\u00f3n Nacional de los Derechos Humanos (CNDH).<\/p>\n","protected":false},"author":6,"featured_media":0,"comment_status":"open","ping_status":"open","sticky":false,"template":"","format":"standard","meta":{"footnotes":""},"categories":[63],"tags":[72],"class_list":["post-94272","post","type-post","status-publish","format-standard","hentry","category-las-camaras","tag-las-camaras"],"_links":{"self":[{"href":"https:\/\/plazajuarez.mx\/historico\/wp-json\/wp\/v2\/posts\/94272","targetHints":{"allow":["GET"]}}],"collection":[{"href":"https:\/\/plazajuarez.mx\/historico\/wp-json\/wp\/v2\/posts"}],"about":[{"href":"https:\/\/plazajuarez.mx\/historico\/wp-json\/wp\/v2\/types\/post"}],"author":[{"embeddable":true,"href":"https:\/\/plazajuarez.mx\/historico\/wp-json\/wp\/v2\/users\/6"}],"replies":[{"embeddable":true,"href":"https:\/\/plazajuarez.mx\/historico\/wp-json\/wp\/v2\/comments?post=94272"}],"version-history":[{"count":0,"href":"https:\/\/plazajuarez.mx\/historico\/wp-json\/wp\/v2\/posts\/94272\/revisions"}],"wp:attachment":[{"href":"https:\/\/plazajuarez.mx\/historico\/wp-json\/wp\/v2\/media?parent=94272"}],"wp:term":[{"taxonomy":"category","embeddable":true,"href":"https:\/\/plazajuarez.mx\/historico\/wp-json\/wp\/v2\/categories?post=94272"},{"taxonomy":"post_tag","embeddable":true,"href":"https:\/\/plazajuarez.mx\/historico\/wp-json\/wp\/v2\/tags?post=94272"}],"curies":[{"name":"wp","href":"https:\/\/api.w.org\/{rel}","templated":true}]}}