{"id":94270,"date":"2019-11-13T20:19:48","date_gmt":"2019-11-13T20:19:48","guid":{"rendered":"http:\/\/plazajuarez.mx\/index\/index.php\/2019\/11\/13\/estudiantes-de-la-uaeh-acusan-de-represio\/"},"modified":"2019-11-13T20:19:48","modified_gmt":"2019-11-13T20:19:48","slug":"estudiantes-de-la-uaeh-acusan-de-represio","status":"publish","type":"post","link":"https:\/\/plazajuarez.mx\/historico\/estudiantes-de-la-uaeh-acusan-de-represio\/","title":{"rendered":"Acusan represi\u00f3n a estudiantes de la UAEH"},"content":{"rendered":"<p>\u00a0<span style=\"font-weight: 400;\">Con respecto a la marcha que se realizar\u00e1 ma\u00f1ana y en la que convocaron a diferentes instituciones educativas.<\/span><\/p>\n<p>  <!--more-->  <\/p>\n<p><span style=\"font-weight: 400;\">Alumnas y alumnos de diferentes instituciones educativas de niveles medios superior y superior convocaron a una marcha para visibilizar el problema de inseguridad que est\u00e1 latente en el estado y para exigir justicia para sus compa\u00f1eros y compa\u00f1eras desaparecidas.<\/span><\/p>\n<p><span style=\"font-weight: 400;\">En este sentido, estudiantes denuncian represi\u00f3n por parte de jefes de \u00e1reas acad\u00e9micas del Instituto de Ciencias Econ\u00f3mico Administrativas (ICEA) de la Universidad Aut\u00f3noma del Estado de Hidalgo (UAEH).<\/span><\/p>\n<p><span style=\"font-weight: 400;\">El alumnado acusa que los directivos exigen a los profesores y alumnos no suspender clases el d\u00eda de ma\u00f1ana debido a la marcha.<\/span><\/p>\n<p><span style=\"font-weight: 400;\">En tanto, para el Instituto de Ciencias Sociales y Humanidades (ICSHu) de dicha universidad, la sociedad de alumnos de dicho centro, se encuentra pasando a los salones a instar al estudiantado a que no asista a la manifestaci\u00f3n, acusaron los estudiantes.<\/span><\/p>\n<p><span style=\"font-weight: 400;\">Las y los j\u00f3venes dijeron que s\u00f3lo buscan justicia y mostrar su inconformidad por la inseguridad que ha incrementado durante los \u00faltimos meses en la entidad.<\/span><\/p>\n<p>\u00a0<\/p>\n","protected":false},"excerpt":{"rendered":"<p>\u00a0Con respecto a la marcha que se realizar\u00e1 ma\u00f1ana y en la que convocaron a diferentes instituciones educativas.<\/p>\n","protected":false},"author":1,"featured_media":0,"comment_status":"open","ping_status":"open","sticky":false,"template":"","format":"standard","meta":{"footnotes":""},"categories":[59],"tags":[],"class_list":["post-94270","post","type-post","status-publish","format-standard","hentry","category-general"],"_links":{"self":[{"href":"https:\/\/plazajuarez.mx\/historico\/wp-json\/wp\/v2\/posts\/94270","targetHints":{"allow":["GET"]}}],"collection":[{"href":"https:\/\/plazajuarez.mx\/historico\/wp-json\/wp\/v2\/posts"}],"about":[{"href":"https:\/\/plazajuarez.mx\/historico\/wp-json\/wp\/v2\/types\/post"}],"author":[{"embeddable":true,"href":"https:\/\/plazajuarez.mx\/historico\/wp-json\/wp\/v2\/users\/1"}],"replies":[{"embeddable":true,"href":"https:\/\/plazajuarez.mx\/historico\/wp-json\/wp\/v2\/comments?post=94270"}],"version-history":[{"count":0,"href":"https:\/\/plazajuarez.mx\/historico\/wp-json\/wp\/v2\/posts\/94270\/revisions"}],"wp:attachment":[{"href":"https:\/\/plazajuarez.mx\/historico\/wp-json\/wp\/v2\/media?parent=94270"}],"wp:term":[{"taxonomy":"category","embeddable":true,"href":"https:\/\/plazajuarez.mx\/historico\/wp-json\/wp\/v2\/categories?post=94270"},{"taxonomy":"post_tag","embeddable":true,"href":"https:\/\/plazajuarez.mx\/historico\/wp-json\/wp\/v2\/tags?post=94270"}],"curies":[{"name":"wp","href":"https:\/\/api.w.org\/{rel}","templated":true}]}}