{"id":94269,"date":"2019-11-13T19:58:43","date_gmt":"2019-11-13T19:58:43","guid":{"rendered":"http:\/\/plazajuarez.mx\/index\/index.php\/2019\/11\/13\/reportan-balacera-en-el-tec-de-monterrey-campus-santa-fe\/"},"modified":"2019-11-13T19:58:43","modified_gmt":"2019-11-13T19:58:43","slug":"reportan-balacera-en-el-tec-de-monterrey-campus-santa-fe","status":"publish","type":"post","link":"https:\/\/plazajuarez.mx\/historico\/reportan-balacera-en-el-tec-de-monterrey-campus-santa-fe\/","title":{"rendered":"Reportan balacera en el Tec de Monterrey campus Santa Fe"},"content":{"rendered":"<p>Al parecer se trat\u00f3 de un asalto a un concesionario de alimentos.<\/p>\n<p>  <!--more-->  <\/p>\n<p>Una movilizaci\u00f3n de cuerpos de emergencia se registr\u00f3 en las inmediaciones del Tecnol\u00f3gico de Monterrey, campus Santa Fe, luego de que se reportara una persona lesionada por arma de fuego.<\/p>\n<p>Primeras versiones refieren que el lesionado es un trabajador de una cafeter\u00eda del plantel, quien minutos antes retir\u00f3 42 mil pesos de una sucursal bancaria.<\/p>\n<p>Los presuntos asaltantes intentaron despojarlo de sus pertenencias por lo que accionaron el arma de fuego cuando la v\u00edctima se dispon\u00eda a ingresar al campus.<\/p>\n<p>Cuerpos de emergencia de la alcald\u00eda \u00c1lvaro Obreg\u00f3n trasladaron al lesionado a un hospital cercano.<\/p>\n<p>  Ofrecen postura<\/p>\n<p>En tanto, el Tecnol\u00f3gico de Monterrey, inform\u00f3 que los agresores ingresaron a la instituci\u00f3n acad\u00e9mica en una motocicleta.<\/p>\n<p>Seg\u00fan se lee en un comunicado, aparentemente persegu\u00edan a un concesionario de alimentos que hab\u00eda salido de un banco cerca de la zona.<\/p>\n<p>&#8220;Los asaltantes interceptaron e hirieron en una pierna. Inmediatamente se dio aviso a los servicios de emergencia y se presentaron en el lugar ambulancias y patrullas&#8221;, se lee en el comunicado.<\/p>\n<p>Por su parte, el alcalde de Cuajimalpa, Adri\u00e1n Ruvalcaba, se\u00f1al\u00f3 que un hombre acudi\u00f3 a un banco a Patio Santa Fe, en las inmediaciones de \u00c1lvaro Obreg\u00f3n, donde retir\u00f3 42 mil pesos y despu\u00e9s se traslad\u00f3 hacia el Tec de Monterrey, campus Santa Fe, donde una motocicleta lo iba persiguiendo.<\/p>\n<p>Narr\u00f3 que en la entrada del plantel uno de los motociclistas le dispar\u00f3 en la pierna y si le quitaron el dinero.<\/p>\n<\/p>\n<p>\u00a0<\/p>\n<p>\u00a0<\/p>\n<p>   <center><\/p>\n<blockquote class=\"twitter-tweet\">\n<p lang=\"und\" dir=\"ltr\"><a href=\"https:\/\/t.co\/tv7b0CwCUM\">pic.twitter.com\/tv7b0CwCUM<\/a><\/p>\n<p>&mdash; Tec Santa Fe (@Tec_CSF) <a href=\"https:\/\/twitter.com\/Tec_CSF\/status\/1194702325782327296?ref_src=twsrc%5Etfw\">November 13, 2019<\/a><\/p><\/blockquote>\n<p> <script async src=\"https:\/\/platform.twitter.com\/widgets.js\" charset=\"utf-8\"><\/script><\/center><\/p>\n","protected":false},"excerpt":{"rendered":"<p>Al parecer se trat\u00f3 de un asalto a un concesionario de alimentos.<\/p>\n","protected":false},"author":1,"featured_media":0,"comment_status":"open","ping_status":"open","sticky":false,"template":"","format":"standard","meta":{"footnotes":""},"categories":[37],"tags":[],"class_list":["post-94269","post","type-post","status-publish","format-standard","hentry","category-barandilla"],"_links":{"self":[{"href":"https:\/\/plazajuarez.mx\/historico\/wp-json\/wp\/v2\/posts\/94269","targetHints":{"allow":["GET"]}}],"collection":[{"href":"https:\/\/plazajuarez.mx\/historico\/wp-json\/wp\/v2\/posts"}],"about":[{"href":"https:\/\/plazajuarez.mx\/historico\/wp-json\/wp\/v2\/types\/post"}],"author":[{"embeddable":true,"href":"https:\/\/plazajuarez.mx\/historico\/wp-json\/wp\/v2\/users\/1"}],"replies":[{"embeddable":true,"href":"https:\/\/plazajuarez.mx\/historico\/wp-json\/wp\/v2\/comments?post=94269"}],"version-history":[{"count":0,"href":"https:\/\/plazajuarez.mx\/historico\/wp-json\/wp\/v2\/posts\/94269\/revisions"}],"wp:attachment":[{"href":"https:\/\/plazajuarez.mx\/historico\/wp-json\/wp\/v2\/media?parent=94269"}],"wp:term":[{"taxonomy":"category","embeddable":true,"href":"https:\/\/plazajuarez.mx\/historico\/wp-json\/wp\/v2\/categories?post=94269"},{"taxonomy":"post_tag","embeddable":true,"href":"https:\/\/plazajuarez.mx\/historico\/wp-json\/wp\/v2\/tags?post=94269"}],"curies":[{"name":"wp","href":"https:\/\/api.w.org\/{rel}","templated":true}]}}