{"id":94267,"date":"2019-11-13T18:52:54","date_gmt":"2019-11-13T18:52:54","guid":{"rendered":"http:\/\/plazajuarez.mx\/index\/index.php\/2019\/11\/13\/fallece-guillermo-cosio-vidaurri-exgobernador-de-jalisco\/"},"modified":"2019-11-13T18:52:54","modified_gmt":"2019-11-13T18:52:54","slug":"fallece-guillermo-cosio-vidaurri-exgobernador-de-jalisco","status":"publish","type":"post","link":"https:\/\/plazajuarez.mx\/historico\/fallece-guillermo-cosio-vidaurri-exgobernador-de-jalisco\/","title":{"rendered":"Fallece Guillermo Cos\u00edo Vidaurri, exgobernador de Jalisco"},"content":{"rendered":"<p style=\"text-align: justify;\"><span style=\"font-weight: 400;\">Tras su renuncia como gobernador fue sucedido por Carlos Rivera Aceves y al terminar aquel sexenio, el PRI en Jalisco perdi\u00f3 por primera vez la gubernatura ante Acci\u00f3n Nacional.<\/span><\/p>\n<p>  <!--more-->  <\/p>\n<p style=\"text-align: justify;\"><span style=\"font-weight: 400;\">Esta ma\u00f1ana de mi\u00e9rcoles falleci\u00f3 Guillermo Cos\u00edo Vidaurri, quien gobern\u00f3 Jalisco del 1 de marzo de 1989 al 30 de abril de 1992, cuando renunci\u00f3 al cargo tras la tragedia de las explosiones del 22 de abril en Guadalajara, cuyo saldo oficial es de 212 fallecidos, 69 desaparecidos y m\u00e1s de mil 800 lesionados.<\/span><\/p>\n<p style=\"text-align: justify;\"><span style=\"font-weight: 400;\">El exmandatario, que ten\u00eda 90 a\u00f1os, falleci\u00f3 poco despu\u00e9s de la 7 de la ma\u00f1ana a consecuencia de complicaciones respiratorias causada por una neumon\u00eda que contrajo hace unas semanas tras padecer dengue.<\/span><\/p>\n<p style=\"text-align: justify;\"><span style=\"font-weight: 400;\">Pol\u00edtico pri\u00edsta, Cos\u00edo Vidaurri fue alcalde de Guadalajara (1971-1973), diputado federal (1976-1979), secretario general del CEN del PRI (1981), director del Metro de la Ciudad de M\u00e9xico (1982-1983) y secretario general de gobierno del Distrito Federal (1983-1988).<\/span><\/p>\n<p style=\"text-align: justify;\"><span style=\"font-weight: 400;\">Tras su renuncia como gobernador fue sucedido por Carlos Rivera Aceves y al terminar aquel sexenio, el PRI en Jalisco perdi\u00f3 por primera vez la gubernatura ante Acci\u00f3n Nacional.<\/span><\/p>\n<p style=\"text-align: justify;\"><span style=\"font-weight: 400;\">A trav\u00e9s de sus redes sociales, el gobernador del estado, Enrique Alfaro Ram\u00edrez, lament\u00f3 el fallecimiento del exmandatario: &#8220;Lamento el fallecimiento de Guillermo Cos\u00edo Vidaurri, quien, adem\u00e1s de haber estado al frente de Guadalajara y de Jalisco, tuvo un liderazgo s\u00f3lido en el Poder Judicial y Legislativo, desde donde nos supo representar a nivel nacional. A sus seres queridos, mi m\u00e1s sentido p\u00e9same&#8221;, escribi\u00f3.<\/span><\/p>\n","protected":false},"excerpt":{"rendered":"<p>Tras su renuncia como gobernador fue sucedido por Carlos Rivera Aceves y al terminar aquel sexenio, el PRI en Jalisco perdi\u00f3 por primera vez la gubernatura ante Acci\u00f3n Nacional.<\/p>\n","protected":false},"author":1,"featured_media":0,"comment_status":"open","ping_status":"open","sticky":false,"template":"","format":"standard","meta":{"footnotes":""},"categories":[36],"tags":[],"class_list":["post-94267","post","type-post","status-publish","format-standard","hentry","category-nacion"],"_links":{"self":[{"href":"https:\/\/plazajuarez.mx\/historico\/wp-json\/wp\/v2\/posts\/94267","targetHints":{"allow":["GET"]}}],"collection":[{"href":"https:\/\/plazajuarez.mx\/historico\/wp-json\/wp\/v2\/posts"}],"about":[{"href":"https:\/\/plazajuarez.mx\/historico\/wp-json\/wp\/v2\/types\/post"}],"author":[{"embeddable":true,"href":"https:\/\/plazajuarez.mx\/historico\/wp-json\/wp\/v2\/users\/1"}],"replies":[{"embeddable":true,"href":"https:\/\/plazajuarez.mx\/historico\/wp-json\/wp\/v2\/comments?post=94267"}],"version-history":[{"count":0,"href":"https:\/\/plazajuarez.mx\/historico\/wp-json\/wp\/v2\/posts\/94267\/revisions"}],"wp:attachment":[{"href":"https:\/\/plazajuarez.mx\/historico\/wp-json\/wp\/v2\/media?parent=94267"}],"wp:term":[{"taxonomy":"category","embeddable":true,"href":"https:\/\/plazajuarez.mx\/historico\/wp-json\/wp\/v2\/categories?post=94267"},{"taxonomy":"post_tag","embeddable":true,"href":"https:\/\/plazajuarez.mx\/historico\/wp-json\/wp\/v2\/tags?post=94267"}],"curies":[{"name":"wp","href":"https:\/\/api.w.org\/{rel}","templated":true}]}}