{"id":94266,"date":"2019-11-13T18:33:37","date_gmt":"2019-11-13T18:33:37","guid":{"rendered":"http:\/\/plazajuarez.mx\/index\/index.php\/2019\/11\/13\/harry-styles-anuncia-conciertos-en-mexico-en-2020\/"},"modified":"2019-11-13T18:33:37","modified_gmt":"2019-11-13T18:33:37","slug":"harry-styles-anuncia-conciertos-en-mexico-en-2020","status":"publish","type":"post","link":"https:\/\/plazajuarez.mx\/historico\/harry-styles-anuncia-conciertos-en-mexico-en-2020\/","title":{"rendered":"Harry Styles anuncia conciertos en M\u00e9xico en 2020"},"content":{"rendered":"<p style=\"text-align: justify;\"><span style=\"font-weight: 400;\">&#8220;Fine Lines&#8221;, el nuevo disco de Styles se publicar\u00e1 el 13 de diciembre en CD, doble vinilo y digital, ha anunciado Sony Music en un comunicado.<\/span><\/p>\n<p>  <!--more-->  <\/p>\n<p style=\"text-align: justify;\"><span style=\"font-weight: 400;\">Harry Styles ofrecer\u00e1 conciertos en M\u00e9xico en 2020, as\u00ed lo dio a conocer a trav\u00e9s del cartel en de su &#8220;Love on tour&#8221;.<\/span><\/p>\n<p style=\"text-align: justify;\"><span style=\"font-weight: 400;\">El cantante planea tres conciertos en M\u00e9xico, el primero en la Arena Monterrey el 29 de septiembre, el segundo en la Arena VFG en Guadalajara el 1 de octubre, y por \u00faltimo en el Foro Sol de la Ciudad de M\u00e9xico el 3 de octubre.<\/span><\/p>\n<p style=\"text-align: justify;\"><span style=\"font-weight: 400;\">&#8220;Fine Lines&#8221;, el nuevo disco de Styles se publicar\u00e1 el 13 de diciembre en CD, doble vinilo y digital, ha anunciado Sony Music en un comunicado.<\/span><\/p>\n<p style=\"text-align: justify;\"><span style=\"font-weight: 400;\">Un disco del que ya se lanz\u00f3 un anticipo, &#8220;Lights Up&#8221;, que ya supera los 100 millones de reproducciones en todo el mundo.<\/span><\/p>\n<p style=\"text-align: justify;\"><span style=\"font-weight: 400;\">&#8220;Fine Lines&#8221; ser\u00e1 el segundo \u00e1lbum de estudio del cantante brit\u00e1nico, de 25 a\u00f1os, tras el disco hom\u00f3nimo que public\u00f3 en 2017 y que vendi\u00f3 m\u00e1s de un mill\u00f3n de copias.<\/span><\/p>\n<p style=\"text-align: justify;\"><span style=\"font-weight: 400;\">Su segundo trabajo contar\u00e1 con 12 canciones, seg\u00fan precisa la nota, que adem\u00e1s recuerda que Styles har\u00e1 de anfitri\u00f3n en el programa &#8220;Saturday Night Live&#8221; de la NBC el 16 de noviembre.<\/span><\/p>\n<p style=\"text-align: justify;\"><span style=\"font-weight: 400;\">Tras participar en 2010 en el concurso &#8220;The X Factor&#8221;, Styles form\u00f3 parte de la banda One Direction, uno de los grupos m\u00e1s populares de esos a\u00f1os, que se disolvi\u00f3 en 2016.<\/span><\/p>\n<p style=\"text-align: justify;\"><span style=\"font-weight: 400;\">Al a\u00f1o siguiente lanz\u00f3 su primer trabajo en solitario y tambi\u00e9n debut\u00f3 como actor en la pel\u00edcula &#8220;Dunkerque&#8221;.<\/span><\/p>\n","protected":false},"excerpt":{"rendered":"<p>&#8220;Fine Lines&#8221;, el nuevo disco de Styles se publicar\u00e1 el 13 de diciembre en CD, doble vinilo y digital, ha anunciado Sony Music en un comunicado.<\/p>\n","protected":false},"author":1,"featured_media":0,"comment_status":"open","ping_status":"open","sticky":false,"template":"","format":"standard","meta":{"footnotes":""},"categories":[38],"tags":[71],"class_list":["post-94266","post","type-post","status-publish","format-standard","hentry","category-show","tag-viral"],"_links":{"self":[{"href":"https:\/\/plazajuarez.mx\/historico\/wp-json\/wp\/v2\/posts\/94266","targetHints":{"allow":["GET"]}}],"collection":[{"href":"https:\/\/plazajuarez.mx\/historico\/wp-json\/wp\/v2\/posts"}],"about":[{"href":"https:\/\/plazajuarez.mx\/historico\/wp-json\/wp\/v2\/types\/post"}],"author":[{"embeddable":true,"href":"https:\/\/plazajuarez.mx\/historico\/wp-json\/wp\/v2\/users\/1"}],"replies":[{"embeddable":true,"href":"https:\/\/plazajuarez.mx\/historico\/wp-json\/wp\/v2\/comments?post=94266"}],"version-history":[{"count":0,"href":"https:\/\/plazajuarez.mx\/historico\/wp-json\/wp\/v2\/posts\/94266\/revisions"}],"wp:attachment":[{"href":"https:\/\/plazajuarez.mx\/historico\/wp-json\/wp\/v2\/media?parent=94266"}],"wp:term":[{"taxonomy":"category","embeddable":true,"href":"https:\/\/plazajuarez.mx\/historico\/wp-json\/wp\/v2\/categories?post=94266"},{"taxonomy":"post_tag","embeddable":true,"href":"https:\/\/plazajuarez.mx\/historico\/wp-json\/wp\/v2\/tags?post=94266"}],"curies":[{"name":"wp","href":"https:\/\/api.w.org\/{rel}","templated":true}]}}