{"id":94108,"date":"2019-11-11T05:23:06","date_gmt":"2019-11-11T05:23:06","guid":{"rendered":"http:\/\/plazajuarez.mx\/index\/index.php\/2019\/11\/11\/habra-reordenamiento-del-transporte-semot\/"},"modified":"2019-11-11T05:23:06","modified_gmt":"2019-11-11T05:23:06","slug":"habra-reordenamiento-del-transporte-semot","status":"publish","type":"post","link":"https:\/\/plazajuarez.mx\/historico\/habra-reordenamiento-del-transporte-semot\/","title":{"rendered":"Habr\u00e1 reordenamiento del transporte: Semot"},"content":{"rendered":"<p>POR EL AEROPUERTO DE STA. LUC\u00cdA <br \/>*Se enfocar\u00e1 principalmente a Tizayuca y municipios aleda\u00f1os, con el objetivo de facilitar la conexi\u00f3n al pr\u00f3ximo aeropuerto<\/p>\n<p>  <!--more-->  <\/p>\n<p>Derivado de las acciones para garantizar la conectividad al aeropuerto Felipe \u00c1ngeles, en la base militar de Santa Luc\u00eda, el titular de la Secretar\u00eda de Movilidad y Transporte (Semot), Jos\u00e9 Luis Guevara Mu\u00f1oz, afirm\u00f3 que habr\u00e1 un programa de ordenamiento del transporte p\u00fablico en el municipio de Tizayuca y en las demarcaciones vecinas. <br \/>\u00a0\u00a0 \u00a0Seg\u00fan el funcionario, adem\u00e1s de las obras en conjunto con el Estado de M\u00e9xico y la Ciudad de M\u00e9xico para facilitar el traslado al futuro aeropuerto, dentro de Hidalgo se realizar\u00e1n diversas acciones para garantizar la movilidad hacia este punto, el cual conllevar\u00e1 un reordenamiento de las rutas de transporte p\u00fablico en el sur del estado. <br \/>\u00a0\u00a0 \u00a0En s\u00ed, enfatiz\u00f3 que el programa de ordenamiento se aplicar\u00e1 de forma general a todo el estado como parte de la Estrategia Integral de Movilidad, pero a\u00f1adi\u00f3 que la regi\u00f3n de Tizayuca representa un \u00e1rea de oportunidad para generar espacios de servicio dadas las condiciones actuales. <br \/>\u00a0\u00a0 \u00a0Adem\u00e1s, asever\u00f3 que este punto tambi\u00e9n es visto como una regi\u00f3n en constante crecimiento, con nuevas necesidades y demandas no atendidas que se deben resolver, \u201cdebemos ser muy \u00e1giles para poder detectar las necesidades, y a trav\u00e9s de los estudios t\u00e9cnicos, poder detectar las necesidades de servicio que hay\u201d, afirm\u00f3 el secretario. <br \/>\u00a0\u00a0 \u00a0Cabe resaltar que en la pasada comparecencia, Guevara Mu\u00f1oz anunci\u00f3 una serie de acciones entre los tres estados involucrados y el gobierno federal, tal como la rehabilitaci\u00f3n de la autopista M\u00e9xico-Pachuca desde Ojo de Agua hasta la entrada a la capital hidalguense, un sistema de transporte masivo y un tren interurbano hasta el nuevo aeropuerto. <\/p>\n","protected":false},"excerpt":{"rendered":"<p>POR EL AEROPUERTO DE STA. LUC\u00cdA *Se enfocar\u00e1 principalmente a Tizayuca y municipios aleda\u00f1os, con el objetivo de facilitar la conexi\u00f3n al pr\u00f3ximo aeropuerto<\/p>\n","protected":false},"author":93,"featured_media":0,"comment_status":"open","ping_status":"open","sticky":false,"template":"","format":"standard","meta":{"footnotes":""},"categories":[59],"tags":[],"class_list":["post-94108","post","type-post","status-publish","format-standard","hentry","category-general"],"_links":{"self":[{"href":"https:\/\/plazajuarez.mx\/historico\/wp-json\/wp\/v2\/posts\/94108","targetHints":{"allow":["GET"]}}],"collection":[{"href":"https:\/\/plazajuarez.mx\/historico\/wp-json\/wp\/v2\/posts"}],"about":[{"href":"https:\/\/plazajuarez.mx\/historico\/wp-json\/wp\/v2\/types\/post"}],"author":[{"embeddable":true,"href":"https:\/\/plazajuarez.mx\/historico\/wp-json\/wp\/v2\/users\/93"}],"replies":[{"embeddable":true,"href":"https:\/\/plazajuarez.mx\/historico\/wp-json\/wp\/v2\/comments?post=94108"}],"version-history":[{"count":0,"href":"https:\/\/plazajuarez.mx\/historico\/wp-json\/wp\/v2\/posts\/94108\/revisions"}],"wp:attachment":[{"href":"https:\/\/plazajuarez.mx\/historico\/wp-json\/wp\/v2\/media?parent=94108"}],"wp:term":[{"taxonomy":"category","embeddable":true,"href":"https:\/\/plazajuarez.mx\/historico\/wp-json\/wp\/v2\/categories?post=94108"},{"taxonomy":"post_tag","embeddable":true,"href":"https:\/\/plazajuarez.mx\/historico\/wp-json\/wp\/v2\/tags?post=94108"}],"curies":[{"name":"wp","href":"https:\/\/api.w.org\/{rel}","templated":true}]}}