{"id":94099,"date":"2019-11-11T05:22:58","date_gmt":"2019-11-11T05:22:58","guid":{"rendered":"http:\/\/plazajuarez.mx\/index\/index.php\/2019\/11\/11\/renuncio\/"},"modified":"2020-04-14T22:32:34","modified_gmt":"2020-04-14T22:32:34","slug":"renuncio","status":"publish","type":"post","link":"https:\/\/plazajuarez.mx\/historico\/renuncio\/","title":{"rendered":"\u00a1Renuncio!"},"content":{"rendered":"<p>PULSO DEL MEZQUITAL<\/p>\n<p>  <!--more-->  <\/p>\n<p>Pocos han tenido a oportunidad de ver caer imperios y renuncias de l\u00edderes mundiales, quiz\u00e1 la m\u00e1s cercana en nuestra memoria, la del Papa Benedicto XVI, quien sali\u00f3 a decir que ya no pod\u00eda y se retiraba a hacer rompope con las monjas en una casita de campo llamada Castengaldolfo, obviamente ha pasado con otros grandes hombres de poder que lo han perdido, ya sea por las presiones mundiales o los movimientos sociales. <br \/>Cuando el ex presidente de la hermana Rep\u00fablica de Bolivia, Evo Morales, dijo que renunciaba porque ya no quer\u00eda m\u00e1s pleitos, es porque estaba diciendo la verdad y porque ya se preparaba un operativo para salir de su pa\u00eds. En M\u00e9xico, la oposici\u00f3n moralmente derrotada, obviamente festejaron el hecho, aunque la mayor\u00eda no tenga idea siquiera de d\u00f3nde queda Bolivia, ni que su econom\u00eda est\u00e1 mejor que la mexicana y que sus conquistas sociales han sido extraordinarias.<br \/>Antes de renunciar, Evo Morales, prometi\u00f3 nuevas elecciones y l\u00f3gicamente su oposici\u00f3n no le crey\u00f3 nada, quiz\u00e1 porque sospecharon que M\u00e9xico le iba a echar la mano a organizarlas a trav\u00e9s del INE, corriendo el riesgo que en una de esas aparecieran unas tarjetas Monex, transferencias bancarias y hasta una que otra torta de tamal. Por eso mejor optaron por llevar las presiones al nivel que no solo estuvieron como cuchillitos de palo gritando, \u201cvoto por voto, casilla por casilla\u201d, sino que la violencia tom\u00f3 rumbo a trav\u00e9s de las fuerzas armadas, oblig\u00e1ndolo a salir de pisa y corre.\u00a0 <br \/>En M\u00e9xico en tanto, los derechairos, esos que no les embona ning\u00fan chile, piensan que algo as\u00ed pudiera pasar aqu\u00ed donde la Virgen Mar\u00eda dijo que estar\u00eda mucho mejor, por fortuna AMLOBB, ha sacado el priista que lleva dentro, ni los ve, ni los oye, anda avent\u00e1ndolos a la friendzone. <br \/>Otro que tampoco su pueblo ya no lo aguanta pero ni tantito, es el alcalde de Ixmiquilpan, Pascual Charrez, quien es tambi\u00e9n un dirigente incomprendido. Seg\u00fan los resentidos sociales, ah\u00ed tambi\u00e9n se est\u00e1 perpetuando una mini dictadura entre los hermanos Charrez, que llevan gobernando casi 10 a\u00f1os y en una de esas se les cuela otro y se avientan otros cuatro de gobierno, que solo de pensarlo pone los pelos de punta. <br \/>Los ixmiquilpenses dir\u00e1n, \u00bfqu\u00e9 hicimos para merecernos todo este lecho de rosas?, pero cuando se acuerdan, se les olvida. Los alcaldes aleda\u00f1os ya estar\u00edan pensando seriamente a sacar el Trump que todos traemos dentro, para obligar a construir un muro y que los ixmiquilpenses lo paguen, porque en buena onda, no se pasen, que a ustedes les guste la mala vida, est\u00e1 bien, nadie se los discute, pero y a nosotros por qu\u00e9. <br \/>Hay gente que quiere ver arder el mundo por el simple placer de ver qu\u00e9 pasa. Pero en el caso de Ixmiquilpan ya se pasaron de tueste, una cosa es tener la piel dura y decir: \u201cdale m\u00e1s recio que no duele\u201d, pero otra es el masoquismo. Aunque por desgracia, la oposici\u00f3n ha pasado dormida todos estos a\u00f1os, rasgu\u00f1\u00e1ndose y haci\u00e9ndose da\u00f1o, neg\u00e1ndose a salir de los c\u00e1nones establecidos, necios a romper con los dogmas, electoreros nacos y pues as\u00ed, la cosa est\u00e1 imposible, mejor vayan ahorrando pa\u2019l muro. <\/p>\n<p>En corto: <br \/>\u2022 El grupo ciudadano que ha pedido a la Procuradur\u00eda General de Justicia estatal, cumplir con las \u00f3rdenes de aprehensi\u00f3n contra dos ex presidentes de Santiago de Anaya, no han recibido ninguna respuesta, a pesar que lo han hecho de manera oficial. <br \/>\u00a0<\/p>\n<p>S\u00edgame en Twitter<br \/>@MarkoCabanas<\/p>\n<p>Mi correo<br \/>markorey2013@gmail.com<br \/>\u00a0<\/p>\n","protected":false},"excerpt":{"rendered":"<p>PULSO DEL MEZQUITAL<\/p>\n","protected":false},"author":75,"featured_media":0,"comment_status":"open","ping_status":"open","sticky":false,"template":"","format":"standard","meta":{"footnotes":""},"categories":[87,42],"tags":[],"class_list":["post-94099","post","type-post","status-publish","format-standard","hentry","category-marco-cabanas","category-nuestrapalabra"],"_links":{"self":[{"href":"https:\/\/plazajuarez.mx\/historico\/wp-json\/wp\/v2\/posts\/94099","targetHints":{"allow":["GET"]}}],"collection":[{"href":"https:\/\/plazajuarez.mx\/historico\/wp-json\/wp\/v2\/posts"}],"about":[{"href":"https:\/\/plazajuarez.mx\/historico\/wp-json\/wp\/v2\/types\/post"}],"author":[{"embeddable":true,"href":"https:\/\/plazajuarez.mx\/historico\/wp-json\/wp\/v2\/users\/75"}],"replies":[{"embeddable":true,"href":"https:\/\/plazajuarez.mx\/historico\/wp-json\/wp\/v2\/comments?post=94099"}],"version-history":[{"count":0,"href":"https:\/\/plazajuarez.mx\/historico\/wp-json\/wp\/v2\/posts\/94099\/revisions"}],"wp:attachment":[{"href":"https:\/\/plazajuarez.mx\/historico\/wp-json\/wp\/v2\/media?parent=94099"}],"wp:term":[{"taxonomy":"category","embeddable":true,"href":"https:\/\/plazajuarez.mx\/historico\/wp-json\/wp\/v2\/categories?post=94099"},{"taxonomy":"post_tag","embeddable":true,"href":"https:\/\/plazajuarez.mx\/historico\/wp-json\/wp\/v2\/tags?post=94099"}],"curies":[{"name":"wp","href":"https:\/\/api.w.org\/{rel}","templated":true}]}}