{"id":94098,"date":"2019-11-11T05:22:55","date_gmt":"2019-11-11T05:22:55","guid":{"rendered":"http:\/\/plazajuarez.mx\/index\/index.php\/2019\/11\/11\/moctezuma-y-cortes\/"},"modified":"2019-11-11T05:22:55","modified_gmt":"2019-11-11T05:22:55","slug":"moctezuma-y-cortes","status":"publish","type":"post","link":"https:\/\/plazajuarez.mx\/historico\/moctezuma-y-cortes\/","title":{"rendered":"Moctezuma y Cort\u00e9s"},"content":{"rendered":"<p>\u00a0\u2022\u00a0\u00a0 \u00a0El 8 de noviembre de 1519, las miradas de dos hombres se encontraron; en ellas prevalec\u00edan dos conceptos de mundo\u2028<\/p>\n<p>  <!--more-->  <\/p>\n<p>&#8220;El infierno son los otros&#8221; dice Jean Paul Sartre en A puerta cerrada, su famosa obra de teatro. La frase de Sartre no es una condena sino la constataci\u00f3n de que existe algo fuera del sujeto. Sartre se refiere a la mirada: el infierno es la mirada del otro porque en ella tu otredad es observada desde la otredad del que te observa. Suena enredado. Ambos se miran, pero lo hacen de forma distinta, cada uno bajo una \u00f3ptica sesgada por el filtro del mundo interno.<br \/>El 8 de noviembre de 1519, las miradas de dos hombres se encontraron; en ellas prevalec\u00edan dos conceptos de mundo, de vida, de cultura, completamente ajenos uno al otro. Hasta muy poco tiempo antes, ninguno de los dos sab\u00eda de su mutua existencia. M\u00e1s importante, no sab\u00edan de la existencia de lo que representaban. Ese d\u00eda, en la ciudad de Tenochtitl\u00e1n, Moctezuma Xocoyotzin, tlatoani del imperio Mexica, y Hern\u00e1n Cort\u00e9s, soldado del reino de Castilla, se encontraron frente a frente. Pocos encuentros desaf\u00edan los l\u00edmites de la otredad como este. \u00bfC\u00f3mo se habr\u00e1n visto Moctezuma y Cort\u00e9s?<br \/>Cort\u00e9s hab\u00eda nacido en Medell\u00edn, Espa\u00f1a, un peque\u00f1o poblado cerca en el suroeste del pa\u00eds. Moctezuma hab\u00eda nacido en M\u00e9xico-Tenochtitl\u00e1n, la capital del imperio mexica. Unos a\u00f1os antes de su nacimiento, la triple alianza se hab\u00eda conformado, convirtiendo a la ciudad en una de las m\u00e1s grandes y poderosas del mundo.<br \/>En las fechas en las que ocurri\u00f3 este encuentro, M\u00e9xico-Tenochtitlan viv\u00eda un \u00e9poca de esplendor. En 1519 Moctezuma ya hab\u00eda concluido la construcci\u00f3n del Templo de Eh\u00e9catl y la \u00faltima etapa del Templo Mayor, desde el cual se pod\u00eda observar la ciudad entera, todos los cronistas coinciden en que era un vista imponente. En el centro de todo estaba la plaza que Bernal D\u00edaz del Castillo describi\u00f3 diciendo: &#8220;Entre nosotros hubo soldados que hab\u00edan estado en muchas partes del mundo, en Constantinopla y en toda Italia y Roma, y dijeron que plaza tan bien compasada y con tanto concierto y tama\u00f1a y llena de tanta gente no la hab\u00edan visto&#8221;. En 1519, se calcula que Tenochtitl\u00e1n ten\u00eda una poblaci\u00f3n de 200 mil habitantes, aproximadamente cinco veces m\u00e1s que Londres.<br \/>Del encuentro entre Moctezuma y Cort\u00e9s hay muchos recuentos. Todos coinciden en que fue amable y ceremonioso, pero tambi\u00e9n que fue un encuentro que sucedi\u00f3 desde la otredad. Las cr\u00f3nicas de la \u00e9poca difieren en la actitud que tuvieron y las palabras que intercambiaron estos dos hombres; estas diferencias surgen de lo dif\u00edcil que fue para cada una de las partes entender a la otra. Las cr\u00f3nicas de los espa\u00f1oles dan a entender que Moctezuma ofrec\u00eda su reino a Cort\u00e9s, la tradici\u00f3n nahua de la \u00e9poca sugiere que esas palabras eran formalidades de la lengua para mostrar la superioridad del tlatoani azteca. Dos mundos distintos, cada uno interpretando al otro lo mejor que pod\u00eda.<br \/>\u00bfQu\u00e9 habr\u00e1 pasado realmente por la mente de Moctezuma y Cort\u00e9s durante su encuentro? \u00bfhabr\u00e1n sentido miedo? \u00bfconfusi\u00f3n? \u00bfemoci\u00f3n? \u00bfintriga? Lo que es cierto es que a partir de ese momento sus destinos, y con ello los del mundo que representaban, se volver\u00edan indisociables. De esa doble otredad, de individuos y mundos tan distintos uno del otro, nacer\u00eda una nueva realidad. El proceso no ser\u00eda terso pero ser\u00eda determinante. Cierto, en 1521 los mexicas ser\u00edan derrotados en batalla, pero en 1528 nacer\u00eda Leonor Cort\u00e9s Moctezuma, hija de Hern\u00e1n Cort\u00e9s, nieta de Moctezuma. Hasta los seres humanos m\u00e1s distintos pueden acabar teniendo puntos en com\u00fan. M\u00e9xico es lo que sucede cuando realidades distintas dejan de ser ajenas una a la otra. Donde la otredad se acaba, empieza M\u00e9xico. Que no se le olvide a todos los que quieren dividirnos.<\/p>\n","protected":false},"excerpt":{"rendered":"<p>\u00a0\u2022\u00a0\u00a0 \u00a0El 8 de noviembre de 1519, las miradas de dos hombres se encontraron; en ellas prevalec\u00edan dos conceptos de mundo\u2028<\/p>\n","protected":false},"author":93,"featured_media":0,"comment_status":"open","ping_status":"open","sticky":false,"template":"","format":"standard","meta":{"footnotes":""},"categories":[42],"tags":[],"class_list":["post-94098","post","type-post","status-publish","format-standard","hentry","category-nuestrapalabra"],"_links":{"self":[{"href":"https:\/\/plazajuarez.mx\/historico\/wp-json\/wp\/v2\/posts\/94098","targetHints":{"allow":["GET"]}}],"collection":[{"href":"https:\/\/plazajuarez.mx\/historico\/wp-json\/wp\/v2\/posts"}],"about":[{"href":"https:\/\/plazajuarez.mx\/historico\/wp-json\/wp\/v2\/types\/post"}],"author":[{"embeddable":true,"href":"https:\/\/plazajuarez.mx\/historico\/wp-json\/wp\/v2\/users\/93"}],"replies":[{"embeddable":true,"href":"https:\/\/plazajuarez.mx\/historico\/wp-json\/wp\/v2\/comments?post=94098"}],"version-history":[{"count":0,"href":"https:\/\/plazajuarez.mx\/historico\/wp-json\/wp\/v2\/posts\/94098\/revisions"}],"wp:attachment":[{"href":"https:\/\/plazajuarez.mx\/historico\/wp-json\/wp\/v2\/media?parent=94098"}],"wp:term":[{"taxonomy":"category","embeddable":true,"href":"https:\/\/plazajuarez.mx\/historico\/wp-json\/wp\/v2\/categories?post=94098"},{"taxonomy":"post_tag","embeddable":true,"href":"https:\/\/plazajuarez.mx\/historico\/wp-json\/wp\/v2\/tags?post=94098"}],"curies":[{"name":"wp","href":"https:\/\/api.w.org\/{rel}","templated":true}]}}