{"id":94097,"date":"2019-11-11T05:21:54","date_gmt":"2019-11-11T05:21:54","guid":{"rendered":"http:\/\/plazajuarez.mx\/index\/index.php\/2019\/11\/11\/epidemias\/"},"modified":"2019-11-11T05:21:54","modified_gmt":"2019-11-11T05:21:54","slug":"epidemias","status":"publish","type":"post","link":"https:\/\/plazajuarez.mx\/historico\/epidemias\/","title":{"rendered":"Epidemias"},"content":{"rendered":"<p>\u00a0\u00a0\u00a0 \u2022\u00a0\u00a0 \u00a0Los rostros de las v\u00edctimas de epidemias, sin aliento, poco o nada tienen que ver con los n\u00fameros alegres de las agencias humanas\u2028<\/p>\n<p>  <!--more-->  <\/p>\n<p>Las epidemias son un brete inmenso. Abarcan diversos rubros. Priman los m\u00e9dicos pero otros avatares tambi\u00e9n son cruciales. Descalabros pol\u00edticos, conflictos armados, comunidades desplazadas, pobreza, hambrunas y fracasos sanitarios muestran, al lado de virus y bacterias, otros semblantes de la humanidad. Los rostros de las epidemias distinguen: azotan a los pobres con mayor frecuencia que a los ricos.<br \/>Los rostros de las v\u00edctimas de epidemias, sin aliento, poco o nada tienen que ver con los n\u00fameros alegres de las agencias humanas creadas y dirigidas por los mismos humanos que conocen las angustias de las otras caras de nuestra especie, las de los pobres. Las epidemias del siglo XXI son similares a las de los siglos pasados; algunas alcanzan mayor notoriedad si afectan a personas celebres o sociedades ricas como la del sida y otras pasan casi desapercibidas, como la del \u00e9bola, que arrasa con la precaria econom\u00eda de la Rep\u00fablica Democr\u00e1tica del Congo. C\u00f3lera, difteria, tuberculosis, paludismo y desnutrici\u00f3n son viejos nombres; sida, \u00e9bola y diabetes mellitus ocupan ahora las p\u00e1ginas de los diarios y las preocupaciones m\u00e9dicas junto a las epidemias anteriores. Epidemias y fracaso de la &#8220;comunidad humana&#8221; son sin\u00f3nimo; las epidemias, no se han erradicado, se han multiplicado.<br \/>Evaluar el progreso de la humanidad tiene dos caras: la de las grandes organizaciones mundiales que no cejan en lanzar las campanas al vuelo difiere del incremento del hambre en el mundo: en 2018 el n\u00famero de hambrientos fue de 820 millones de personas, 11 m\u00e1s que en 2017. Las epidemias y las pandemias son un term\u00f3metro (casi) neutral para evaluar el progreso de nuestra especie: algunas estad\u00edsticas falsean datos y otras son inexactas.<br \/>Ni los enfermos infectados por el \u00e9bola ni los pobres destruidos por la desnutrici\u00f3n mienten: ah\u00ed est\u00e1n sus cuerpos derruidos, las tumbas de los suyos, el fracaso de los sistemas de salud.<br \/>Sobran agencias. No sobran los muertos cuyo destino, sea por edad o por las sinrazones que minaron sus vidas, no deb\u00eda haber sido fenecer. Fallan las agencias, falla la distribuci\u00f3n del conocimiento, falta el ser humano. Morir por hambre, por \u00e9bola o por beber aguas contaminadas es otro fracaso del siglo XXI.<br \/>Derrota humana: falta\/falla la distribuci\u00f3n de recursos, el hambre aumenta, la pobreza disminuye en pa\u00edses ricos, pero no en naciones pobres, no se respetan las vidas de los no occidentales como sucede en Yemen o en el Congo, lo cual, aunado al magro inter\u00e9s de las farmac\u00e9uticas hacia enfermedades econ\u00f3micamente no redituables, conforma las primeras palabras de este p\u00e1rrafo, derrota humana.<br \/>El c\u00f3lera es una enfermedad vieja: los primeros brotes datan del siglo XVII; en 1854 se demostr\u00f3 que la enfermedad era causada por el consumo de aguas contaminadas con materias fecales. La epidemia lleg\u00f3, a pesar de su &#8220;f\u00e1cil soluci\u00f3n&#8221;, i.e., beber agua limpia, para quedarse: cada a\u00f1o fallecen, aproximadamente entre 21,000 y 143, 000 personas (lo que aproximadamente no sucede en occidente: quienes perecen en Yemen no siempre son consideradas personas). Lo mismo pasa con el n\u00famero de infectados: cada a\u00f1o hay en el mundo entre 1,3 y 4 millones de casos. Un dato para incrementar el desasosiego: el 80% de los casos pueden tratarse con soluciones de rehidrataci\u00f3n oral cuyo costo es m\u00ednimo. El bacilo del c\u00f3lera y sus muertos generan c\u00f3lera humana.<br \/>En relaci\u00f3n a la epidemia por el virus del \u00e9bola, la p\u00e1gina de la Organizaci\u00f3n Mundial de la Salud, ofrece, al inicio, noticias alentadoras: &#8220;El brote por \u00e9bola en la Rep\u00fablica Democr\u00e1tica del Congo sigue mostrando descensos en el n\u00famero de nuevos casos en puntos cr\u00edticos\u2026&#8221;. Jean Jacques Muyembe, codescubridor del \u00e9bola, asegur\u00f3, &#8220;si continuamos as\u00ed, esta epidemia podr\u00eda durar dos o tres a\u00f1os&#8221;&#8230; <\/p>\n<p><\/p>\n","protected":false},"excerpt":{"rendered":"<p>\u00a0\u00a0\u00a0 \u2022\u00a0\u00a0 \u00a0Los rostros de las v\u00edctimas de epidemias, sin aliento, poco o nada tienen que ver con los n\u00fameros alegres de las agencias humanas\u2028<\/p>\n","protected":false},"author":93,"featured_media":0,"comment_status":"open","ping_status":"open","sticky":false,"template":"","format":"standard","meta":{"footnotes":""},"categories":[42],"tags":[],"class_list":["post-94097","post","type-post","status-publish","format-standard","hentry","category-nuestrapalabra"],"_links":{"self":[{"href":"https:\/\/plazajuarez.mx\/historico\/wp-json\/wp\/v2\/posts\/94097","targetHints":{"allow":["GET"]}}],"collection":[{"href":"https:\/\/plazajuarez.mx\/historico\/wp-json\/wp\/v2\/posts"}],"about":[{"href":"https:\/\/plazajuarez.mx\/historico\/wp-json\/wp\/v2\/types\/post"}],"author":[{"embeddable":true,"href":"https:\/\/plazajuarez.mx\/historico\/wp-json\/wp\/v2\/users\/93"}],"replies":[{"embeddable":true,"href":"https:\/\/plazajuarez.mx\/historico\/wp-json\/wp\/v2\/comments?post=94097"}],"version-history":[{"count":0,"href":"https:\/\/plazajuarez.mx\/historico\/wp-json\/wp\/v2\/posts\/94097\/revisions"}],"wp:attachment":[{"href":"https:\/\/plazajuarez.mx\/historico\/wp-json\/wp\/v2\/media?parent=94097"}],"wp:term":[{"taxonomy":"category","embeddable":true,"href":"https:\/\/plazajuarez.mx\/historico\/wp-json\/wp\/v2\/categories?post=94097"},{"taxonomy":"post_tag","embeddable":true,"href":"https:\/\/plazajuarez.mx\/historico\/wp-json\/wp\/v2\/tags?post=94097"}],"curies":[{"name":"wp","href":"https:\/\/api.w.org\/{rel}","templated":true}]}}