{"id":94096,"date":"2019-11-11T02:14:41","date_gmt":"2019-11-11T02:14:41","guid":{"rendered":"http:\/\/plazajuarez.mx\/index\/index.php\/2019\/11\/11\/mexico-rechaza-golpe-de-estado-en-bolivia-ofrece-asilo-a-evo-morales\/"},"modified":"2019-11-11T02:14:41","modified_gmt":"2019-11-11T02:14:41","slug":"mexico-rechaza-golpe-de-estado-en-bolivia-ofrece-asilo-a-evo-morales","status":"publish","type":"post","link":"https:\/\/plazajuarez.mx\/historico\/mexico-rechaza-golpe-de-estado-en-bolivia-ofrece-asilo-a-evo-morales\/","title":{"rendered":"M\u00e9xico rechaza golpe de estado en Bolivia, ofrece asilo a Evo Morales"},"content":{"rendered":"<p style=\"text-align: justify;\">Hasta ahora se ha dado asilo a 20 bolivianos del ejecutivo y legislativo, en la residencia oficial en La Paz.<\/p>\n<p>  <!--more-->  <\/p>\n<p style=\"text-align: justify;\">El titular de la Secretar\u00eda de Relaciones Exteriores (SRE), Marcelo Ebrard, anunci\u00f3 que M\u00e9xico le ofrecer\u00eda asilo a Evo Morales en caso de as\u00ed decidirlo.<br \/>Indic\u00f3 que hasta ahora se ha dado asilo a 20 bolivianos del ejecutivo y legislativo, en la residencia oficial en La Paz.<br \/>&#8220;M\u00e9xico, de conformidad a su tradici\u00f3n de asilo y no intervenci\u00f3n, ha recibido a 20 personalidades del ejecutivo y legislativo de Bolivia en la residencia oficial en La Paz, de as\u00ed decidirlo ofrecer\u00edamos asilo tambi\u00e9n a Evo Morales&#8221;, expres\u00f3.<\/p>\n","protected":false},"excerpt":{"rendered":"<p>Hasta ahora se ha dado asilo a 20 bolivianos del ejecutivo y legislativo, en la residencia oficial en La Paz.<\/p>\n","protected":false},"author":1,"featured_media":0,"comment_status":"open","ping_status":"open","sticky":false,"template":"","format":"standard","meta":{"footnotes":""},"categories":[36],"tags":[],"class_list":["post-94096","post","type-post","status-publish","format-standard","hentry","category-nacion"],"_links":{"self":[{"href":"https:\/\/plazajuarez.mx\/historico\/wp-json\/wp\/v2\/posts\/94096","targetHints":{"allow":["GET"]}}],"collection":[{"href":"https:\/\/plazajuarez.mx\/historico\/wp-json\/wp\/v2\/posts"}],"about":[{"href":"https:\/\/plazajuarez.mx\/historico\/wp-json\/wp\/v2\/types\/post"}],"author":[{"embeddable":true,"href":"https:\/\/plazajuarez.mx\/historico\/wp-json\/wp\/v2\/users\/1"}],"replies":[{"embeddable":true,"href":"https:\/\/plazajuarez.mx\/historico\/wp-json\/wp\/v2\/comments?post=94096"}],"version-history":[{"count":0,"href":"https:\/\/plazajuarez.mx\/historico\/wp-json\/wp\/v2\/posts\/94096\/revisions"}],"wp:attachment":[{"href":"https:\/\/plazajuarez.mx\/historico\/wp-json\/wp\/v2\/media?parent=94096"}],"wp:term":[{"taxonomy":"category","embeddable":true,"href":"https:\/\/plazajuarez.mx\/historico\/wp-json\/wp\/v2\/categories?post=94096"},{"taxonomy":"post_tag","embeddable":true,"href":"https:\/\/plazajuarez.mx\/historico\/wp-json\/wp\/v2\/tags?post=94096"}],"curies":[{"name":"wp","href":"https:\/\/api.w.org\/{rel}","templated":true}]}}