{"id":94095,"date":"2019-11-11T00:33:02","date_gmt":"2019-11-11T00:33:02","guid":{"rendered":"http:\/\/plazajuarez.mx\/index\/index.php\/2019\/11\/11\/marchan-para-exigir-justicia-por-las-personas-desaparecidas\/"},"modified":"2019-11-11T00:33:02","modified_gmt":"2019-11-11T00:33:02","slug":"marchan-para-exigir-justicia-por-las-personas-desaparecidas","status":"publish","type":"post","link":"https:\/\/plazajuarez.mx\/historico\/marchan-para-exigir-justicia-por-las-personas-desaparecidas\/","title":{"rendered":"Marchan para exigir justicia por las personas desaparecidas"},"content":{"rendered":"<p><span style=\"font-weight: 400;\">Alrededor de mil personas caminaron por las principales avenidas de Pachuca para clamar justicia y seguridad en la entidad.<\/span><\/p>\n<p>  <!--more-->  <\/p>\n<p><span style=\"font-weight: 400;\">Un contingente de aproximadamente 300 personas se dio cita afuera la escuela preparatoria n\u00famero uno, vestidos de blanco y con pancartas que conten\u00edan fichas de b\u00fasqueda de personas no localizadas en la entidad. Alrededor de las 10:45 horas, inici\u00f3 la marcha a la que se fueron sumando m\u00e1s personas.<\/span><\/p>\n<p><span style=\"font-weight: 400;\">Encabezados por un grupo de j\u00f3venes que se presumen activistas sociales, caminaron por avenida Ju\u00e1rez rumbo hacia el centro, para despu\u00e9s incorporarse a la avenida revoluci\u00f3n en donde poco a poco se integraron personas. Poco tiempo despu\u00e9s, el contingente contabiliz\u00f3 casi mil ciudadanos y ciudadanas.<\/span><\/p>\n<p><span style=\"font-weight: 400;\">Sebasti\u00e1n, Lorena, Juanita, Jean Paul, Edgar, Sof\u00eda, Javier, fueron los nombres m\u00e1s sonados por los que la poblaci\u00f3n exigen justicia. Al sonido de &#8220;somos hombres y mujeres, en Hidalgo no m\u00e1s muertes&#8221;, la poblaci\u00f3n exigi\u00f3 a las autoridades no hacer caso omiso de la inseguridad que va en aumento en la entidad.<\/span><\/p>\n<p><span style=\"font-weight: 400;\">En un principio, los organizadores de la marcha refirieron que esta s\u00f3lo tendr\u00eda como ruta de prepa uno hasta Plaza Ju\u00e1rez, sin embargo, al llegar a la estaci\u00f3n del Tuzob\u00fas &#8220;Presidente Alem\u00e1n&#8221;, decidieron continuar por la calle de Allende y continuar hasta el Reloj Monumental, para despu\u00e9s seguir por la calle de Guerrero.<\/span><\/p>\n<p><span style=\"font-weight: 400;\">La manifestaci\u00f3n sigui\u00f3 su paso y lleg\u00f3 a Plaza Ju\u00e1rez, en donde el comit\u00e9 organizador conformado por la sociedad civil, dio lectura al pliego petitorio donde exhortaron a a activar la alerta de g\u00e9nero en los municipios con mayores \u00edndices de feminicidios, a utilizar de mejora manera el C5i para la seguridad de la poblaci\u00f3n y instalar alumbrado p\u00fablico para que mujeres y hombres puedan caminar con tranquilidad.\u00a0<\/span><\/p>\n","protected":false},"excerpt":{"rendered":"<p>Alrededor de mil personas caminaron por las principales avenidas de Pachuca para clamar justicia y seguridad en la entidad.<\/p>\n","protected":false},"author":1,"featured_media":0,"comment_status":"open","ping_status":"open","sticky":false,"template":"","format":"standard","meta":{"footnotes":""},"categories":[59],"tags":[],"class_list":["post-94095","post","type-post","status-publish","format-standard","hentry","category-general"],"_links":{"self":[{"href":"https:\/\/plazajuarez.mx\/historico\/wp-json\/wp\/v2\/posts\/94095","targetHints":{"allow":["GET"]}}],"collection":[{"href":"https:\/\/plazajuarez.mx\/historico\/wp-json\/wp\/v2\/posts"}],"about":[{"href":"https:\/\/plazajuarez.mx\/historico\/wp-json\/wp\/v2\/types\/post"}],"author":[{"embeddable":true,"href":"https:\/\/plazajuarez.mx\/historico\/wp-json\/wp\/v2\/users\/1"}],"replies":[{"embeddable":true,"href":"https:\/\/plazajuarez.mx\/historico\/wp-json\/wp\/v2\/comments?post=94095"}],"version-history":[{"count":0,"href":"https:\/\/plazajuarez.mx\/historico\/wp-json\/wp\/v2\/posts\/94095\/revisions"}],"wp:attachment":[{"href":"https:\/\/plazajuarez.mx\/historico\/wp-json\/wp\/v2\/media?parent=94095"}],"wp:term":[{"taxonomy":"category","embeddable":true,"href":"https:\/\/plazajuarez.mx\/historico\/wp-json\/wp\/v2\/categories?post=94095"},{"taxonomy":"post_tag","embeddable":true,"href":"https:\/\/plazajuarez.mx\/historico\/wp-json\/wp\/v2\/tags?post=94095"}],"curies":[{"name":"wp","href":"https:\/\/api.w.org\/{rel}","templated":true}]}}