{"id":94055,"date":"2019-11-10T15:20:11","date_gmt":"2019-11-10T15:20:11","guid":{"rendered":"http:\/\/plazajuarez.mx\/index\/index.php\/2019\/11\/10\/recibe-huejutla-la-denominacion-de-pueblo-con-sabor\/"},"modified":"2019-11-10T15:20:11","modified_gmt":"2019-11-10T15:20:11","slug":"recibe-huejutla-la-denominacion-de-pueblo-con-sabor","status":"publish","type":"post","link":"https:\/\/plazajuarez.mx\/historico\/recibe-huejutla-la-denominacion-de-pueblo-con-sabor\/","title":{"rendered":"Recibe Huejutla la denominaci\u00f3n de Pueblo con Sabor\u2028\u2028"},"content":{"rendered":"<p>\u00a0\u00a0 \u2022\u00a0\u00a0 \u00a0Se suma a los municipios de Calnali, Actopan, Tulancingo, Zempoala, Omitl\u00e1n y Acaxochitl\u00e1n\u2028\u2028\u2028<\/p>\n<p>  <!--more-->  <\/p>\n<p>La Secretar\u00eda de Turismo de Hidalgo, encabezada por Eduardo Javier Ba\u00f1os G\u00f3mez dio a conocer que durante el Festival de la Enchilada y Asado 2019, develaron la placa que le otorga el nombre de Pueblo con Sabor al municipio de Huejutla.<br \/>\u00a0\u00a0 \u00a0Cabe destacar que le otorgaron el distintivo por su variedad gastron\u00f3mica, aunado al zacahuil, platillo t\u00edpico elaborado con base en masa de ma\u00edz, diversos chiles y carnes de cerdo y guajolote y que puede llegar a pesar hasta 20 kilos. Es tamal, pero de una dimensi\u00f3n mayor que la com\u00fan.<br \/>En este sentido, el ayuntamiento de Huejutla se suma a los municipios de Calnali, Actopan, Tulancingo, Zempoala, Omitl\u00e1n y Acaxochitl\u00e1n con la misma denominaci\u00f3n. Dicho programa de Pueblos con Sabor inici\u00f3 en el 2017, con el objetivo de contribuir a la promoci\u00f3n del turismo gastron\u00f3mico y la apreciaci\u00f3n de productos locales y regionales.<br \/>Asimismo, los pr\u00f3ximos 15 y 16 de noviembre, se llevar\u00e1 a cabo el Festival Pueblos con Sabor en su primera edici\u00f3n y la Feria Gastron\u00f3mica Saborea Hidalgo, en la Plaza Ju\u00e1rez de Pachuca, con el objetivo de mostrar la riqueza gastron\u00f3mica de la entidad.<\/p>\n","protected":false},"excerpt":{"rendered":"<p>\u00a0\u00a0 \u2022\u00a0\u00a0 \u00a0Se suma a los municipios de Calnali, Actopan, Tulancingo, Zempoala, Omitl\u00e1n y Acaxochitl\u00e1n\u2028\u2028\u2028<\/p>\n","protected":false},"author":93,"featured_media":0,"comment_status":"open","ping_status":"open","sticky":false,"template":"","format":"standard","meta":{"footnotes":""},"categories":[59],"tags":[],"class_list":["post-94055","post","type-post","status-publish","format-standard","hentry","category-general"],"_links":{"self":[{"href":"https:\/\/plazajuarez.mx\/historico\/wp-json\/wp\/v2\/posts\/94055","targetHints":{"allow":["GET"]}}],"collection":[{"href":"https:\/\/plazajuarez.mx\/historico\/wp-json\/wp\/v2\/posts"}],"about":[{"href":"https:\/\/plazajuarez.mx\/historico\/wp-json\/wp\/v2\/types\/post"}],"author":[{"embeddable":true,"href":"https:\/\/plazajuarez.mx\/historico\/wp-json\/wp\/v2\/users\/93"}],"replies":[{"embeddable":true,"href":"https:\/\/plazajuarez.mx\/historico\/wp-json\/wp\/v2\/comments?post=94055"}],"version-history":[{"count":0,"href":"https:\/\/plazajuarez.mx\/historico\/wp-json\/wp\/v2\/posts\/94055\/revisions"}],"wp:attachment":[{"href":"https:\/\/plazajuarez.mx\/historico\/wp-json\/wp\/v2\/media?parent=94055"}],"wp:term":[{"taxonomy":"category","embeddable":true,"href":"https:\/\/plazajuarez.mx\/historico\/wp-json\/wp\/v2\/categories?post=94055"},{"taxonomy":"post_tag","embeddable":true,"href":"https:\/\/plazajuarez.mx\/historico\/wp-json\/wp\/v2\/tags?post=94055"}],"curies":[{"name":"wp","href":"https:\/\/api.w.org\/{rel}","templated":true}]}}