{"id":93934,"date":"2019-11-08T01:48:59","date_gmt":"2019-11-08T01:48:59","guid":{"rendered":"http:\/\/plazajuarez.mx\/index\/index.php\/2019\/11\/08\/aseguran-una-caja-seca-en-atotonilco-de-tula\/"},"modified":"2019-11-08T01:48:59","modified_gmt":"2019-11-08T01:48:59","slug":"aseguran-una-caja-seca-en-atotonilco-de-tula","status":"publish","type":"post","link":"https:\/\/plazajuarez.mx\/historico\/aseguran-una-caja-seca-en-atotonilco-de-tula\/","title":{"rendered":"Aseguran una caja seca en Atotonilco de Tula"},"content":{"rendered":"<p style=\"text-align: justify;\"><span style=\"font-weight: 400;\">La caja seca fue puesta a disposici\u00f3n de la Fiscal\u00eda General de la Rep\u00fablica.<\/span><\/p>\n<p>  <!--more-->  <\/p>\n<p style=\"text-align: justify;\">\u00a0<\/p>\n<p style=\"text-align: justify;\"><span style=\"font-weight: 400;\">La Polic\u00eda Municipal de Atotonilco de Tula asegur\u00f3 una caja seca en la entrada de fraccionamiento Paseos de la Pradera,\u00a0 misma que cuenta con reporte de robo.<\/span><\/p>\n<p style=\"text-align: justify;\">\n<p style=\"text-align: justify;\"><span style=\"font-weight: 400;\">La caja seca fue puesta a disposici\u00f3n de la Fiscal\u00eda General de la Rep\u00fablica.<\/span><\/p>\n<p style=\"text-align: justify;\">\u00a0<\/p>\n<p style=\"text-align: justify;\"><span style=\"font-weight: 400;\">Uniformados se\u00f1alaron\u00a0 que mantienen en todo el municipio operativos de seguridad y vigilancia para inhibir la delincuencia.<\/span><\/p>\n<p>\u00a0<\/p>\n","protected":false},"excerpt":{"rendered":"<p>La caja seca fue puesta a disposici\u00f3n de la Fiscal\u00eda General de la Rep\u00fablica.<\/p>\n","protected":false},"author":1,"featured_media":0,"comment_status":"open","ping_status":"open","sticky":false,"template":"","format":"standard","meta":{"footnotes":""},"categories":[40],"tags":[],"class_list":["post-93934","post","type-post","status-publish","format-standard","hentry","category-region"],"_links":{"self":[{"href":"https:\/\/plazajuarez.mx\/historico\/wp-json\/wp\/v2\/posts\/93934","targetHints":{"allow":["GET"]}}],"collection":[{"href":"https:\/\/plazajuarez.mx\/historico\/wp-json\/wp\/v2\/posts"}],"about":[{"href":"https:\/\/plazajuarez.mx\/historico\/wp-json\/wp\/v2\/types\/post"}],"author":[{"embeddable":true,"href":"https:\/\/plazajuarez.mx\/historico\/wp-json\/wp\/v2\/users\/1"}],"replies":[{"embeddable":true,"href":"https:\/\/plazajuarez.mx\/historico\/wp-json\/wp\/v2\/comments?post=93934"}],"version-history":[{"count":0,"href":"https:\/\/plazajuarez.mx\/historico\/wp-json\/wp\/v2\/posts\/93934\/revisions"}],"wp:attachment":[{"href":"https:\/\/plazajuarez.mx\/historico\/wp-json\/wp\/v2\/media?parent=93934"}],"wp:term":[{"taxonomy":"category","embeddable":true,"href":"https:\/\/plazajuarez.mx\/historico\/wp-json\/wp\/v2\/categories?post=93934"},{"taxonomy":"post_tag","embeddable":true,"href":"https:\/\/plazajuarez.mx\/historico\/wp-json\/wp\/v2\/tags?post=93934"}],"curies":[{"name":"wp","href":"https:\/\/api.w.org\/{rel}","templated":true}]}}