{"id":93920,"date":"2019-11-07T15:18:04","date_gmt":"2019-11-07T15:18:04","guid":{"rendered":"http:\/\/plazajuarez.mx\/index\/index.php\/2019\/11\/07\/alfil-negro-1660\/"},"modified":"2019-11-07T15:18:04","modified_gmt":"2019-11-07T15:18:04","slug":"alfil-negro-1660","status":"publish","type":"post","link":"https:\/\/plazajuarez.mx\/historico\/alfil-negro-1660\/","title":{"rendered":"ALFIL NEGRO"},"content":{"rendered":"<p>BENJAM\u00cdN, LIDIA, JOS\u00c9 LUIS\u2026 QUIEREN LA CASA RULE<br \/>\u00a0\u00a0 \u00a0\u2022\u00a0\u00a0 \u00a0Los milagros tienen como base la confianza, la fe y la esperanza y cuando suceden, s\u00f3lo queda dar gracias a Dios\u2028<\/p>\n<p>  <!--more-->  <\/p>\n<p>La casa RULE, la Presidencia municipal de Pachuca, es sin duda el recinto m\u00e1s buscado y deseado por los partidos pol\u00edticos y grupos de poder, porque significa ejercer en la sede del poder Ejecutivo, en la capital del estado y por lo mismo, expresi\u00f3n de poder y de fuerza, que si se juega bien significa mucho para el instituto pol\u00edtico que gane; ser\u00e1 puerta de oportunidades para la persona que triunfe, siempre y cuando haga de este cargo una chance para mostrar estatura\u00a0 pol\u00edtica y no enanismo grillo, que no conduce sino al olvido y al reclamo ciudadano.<br \/>Los partidos y los pol\u00edticos saben tambi\u00e9n que quien no se mueve se vuelve estatua de sal y por lo mismo no cuesta mucho ver que los aspirantes ya andan en la lucha por la candidatura, para estar en la carrera por la casa Rule.<br \/>MORENA<br \/>La candidatura por Morena es buscada con todo por dos grupos: el de Sosa Castel\u00e1n que busca imponer a una de sus dos propuestas: VERAS GODOY\u00a0 o LIDIA GARC\u00cdA, ella diputada federal y eficiente servidora de agua para el patr\u00f3n, y Veras, atento al ritmo que le toque el Jefe para danzarlo con fuerza.<br \/>Hasta donde se sabe, el rechazo al Grupo Universidad es total entre los morenos de verdad, hartos de los abusos que los alados han hecho con ellos y que por lo mismo ninguna de las sus cartas aladas ser\u00e1n aceptadas.<br \/>El otro grupo que busca la candidatura de Morena son personajes que en alg\u00fan momento vistieron camiseta tricolor y la cambiaron porque as\u00ed convino a sus intereses, pero que ahora quieren la casa RULE bajo la sombra del partido todav\u00eda de Obrador.<br \/>Apunte usted a: CANEK V\u00c1ZQUEZ, en su momento de los m\u00e1s beneficiados de su ex partido y ahora buscando ser candidato de Morena y con abierta campa\u00f1a en que se acerca generoso a la poblaci\u00f3n con regalos que van desde enseres, ropa y otras cosas, y se dice que con dos bodegas con estos productos\u00a0 en Cubitos\u00a0 y La Raza, con detalles como que la marca de la ropa es Furor. Es lo que se dice. Hasta donde se sabe est\u00e1 vetado por los morenos, que no lo ven con buenos ojos y lo califican de abusivo, as\u00ed se vista de astronauta.<br \/>RICARDO CRESPO<br \/>El ex presidente del PRI tiene en contra eso: &#8220;haber sido Presidente\u00a0 del tricolor&#8221;, lo que le ha cerrado la puerta de Morena a piedra y lodo. No parece tener mucho futuro en su aspiraci\u00f3n de ser moreno, cuando antes fue capit\u00e1n del equipo tricolor.<br \/>NAVOR ROJAS <br \/>Desde inicio de a\u00f1o manifest\u00f3 su inter\u00e9s por la candidatura Morena, pero todo indica que tiene m\u00e1s opciones de ser Senador, si Julio Menchaca deja la senadur\u00eda por alg\u00fan cargo que le asigne el Presidente Obrador. Otro asunto es que se habla de un distanciamiento entre Navor y Menchaca.<br \/>JOS\u00c9 LUIS LIMA MORALES<br \/>El expriista busca la oportunidad de abanderar a Morena por Pachuca. Con una carrera de servicio con resultados debe ser considerado por el partido fuerte, pero eso lo deciden, como debe ser, los morenos.<br \/>Estos son los que aparecen hasta el momento en busca de la candidatura de Morena. M\u00e1s los que se sumen con el paso del tiempo, con el riesgo de que al final la candidatura quede en manos del Grupo Universidad que ya una vez les vio la cara y no ser\u00eda raro que se las volvieran a ver.<br \/>BENJAM\u00cdN RICO<br \/>En el PRI todo indica que la carrera por Pachuca ya s\u00f3lo queda entre dos corredores: Benjam\u00edn Rico y Sergio Ba\u00f1os.<br \/>Benjam\u00edn, secretario del Medio Ambiente en la administraci\u00f3n del gobernador Fayad, y Ba\u00f1os, Presidente del PRI Pachuca. Los dos son empresarios exitosos y cada uno con una carrera fuerte. Ba\u00f1os perdi\u00f3 en el 2018 la lucha por una diputaci\u00f3n local. En cuesti\u00f3n de capacitaci\u00f3n para enfrentar los problemas de Pachuca, como el muy notable de los baches, Benjam\u00edn se ve como una respuesta adecuada.<br \/>Son los gallos del PRI y si este partido juega bien su apuesta, lo m\u00e1s seguro es que recupere Pachuca. <br \/>Uno de ellos puede ser la pr\u00f3xima autoridad de Pachuca. \u00bfQui\u00e9n? Falta poco para saberlo.<br \/>Lo que ya se nota son las coaliciones: Morena, Verde y PT puede ser una y la otra: PAN\u00a0 y PRD. Y el PRI, seguramente ir\u00e1 en alianza con el PES.<\/p>\n<p><\/p>\n","protected":false},"excerpt":{"rendered":"<p>BENJAM\u00cdN, LIDIA, JOS\u00c9 LUIS\u2026 QUIEREN LA CASA RULE\u00a0\u00a0 \u00a0\u2022\u00a0\u00a0 \u00a0Los milagros tienen como base la confianza, la fe y la esperanza y cuando suceden, s\u00f3lo queda dar gracias a Dios\u2028<\/p>\n","protected":false},"author":93,"featured_media":0,"comment_status":"open","ping_status":"open","sticky":false,"template":"","format":"standard","meta":{"footnotes":""},"categories":[42],"tags":[],"class_list":["post-93920","post","type-post","status-publish","format-standard","hentry","category-nuestrapalabra"],"_links":{"self":[{"href":"https:\/\/plazajuarez.mx\/historico\/wp-json\/wp\/v2\/posts\/93920","targetHints":{"allow":["GET"]}}],"collection":[{"href":"https:\/\/plazajuarez.mx\/historico\/wp-json\/wp\/v2\/posts"}],"about":[{"href":"https:\/\/plazajuarez.mx\/historico\/wp-json\/wp\/v2\/types\/post"}],"author":[{"embeddable":true,"href":"https:\/\/plazajuarez.mx\/historico\/wp-json\/wp\/v2\/users\/93"}],"replies":[{"embeddable":true,"href":"https:\/\/plazajuarez.mx\/historico\/wp-json\/wp\/v2\/comments?post=93920"}],"version-history":[{"count":0,"href":"https:\/\/plazajuarez.mx\/historico\/wp-json\/wp\/v2\/posts\/93920\/revisions"}],"wp:attachment":[{"href":"https:\/\/plazajuarez.mx\/historico\/wp-json\/wp\/v2\/media?parent=93920"}],"wp:term":[{"taxonomy":"category","embeddable":true,"href":"https:\/\/plazajuarez.mx\/historico\/wp-json\/wp\/v2\/categories?post=93920"},{"taxonomy":"post_tag","embeddable":true,"href":"https:\/\/plazajuarez.mx\/historico\/wp-json\/wp\/v2\/tags?post=93920"}],"curies":[{"name":"wp","href":"https:\/\/api.w.org\/{rel}","templated":true}]}}