{"id":93701,"date":"2019-11-04T14:50:39","date_gmt":"2019-11-04T14:50:39","guid":{"rendered":"http:\/\/plazajuarez.mx\/index\/index.php\/2019\/11\/04\/alfil-negro-1655\/"},"modified":"2019-11-04T14:50:39","modified_gmt":"2019-11-04T14:50:39","slug":"alfil-negro-1655","status":"publish","type":"post","link":"https:\/\/plazajuarez.mx\/historico\/alfil-negro-1655\/","title":{"rendered":"ALFIL NEGRO"},"content":{"rendered":"<p>\u00bfGOLPE DE ESTADO?<\/p>\n<p>  <!--more-->  <\/p>\n<p>Hace unos d\u00edas el Presidente Andr\u00e9s Manuel L\u00f3pez Obrador dijo que la gran mayor\u00eda lo apoya y no permitir\u00eda otro golpe de estado, para encuadrar esa posibilidad en lo acontecido con Francisco I. Madero que no supo o no pudo ser protegido por la mayor\u00eda\u00a0 de la base social y se dio ese hecho.<br \/>Lo dicho por el Presidente causa preocupaci\u00f3n y muchas conjeturas, mientras no se explique con amplitud y certeza lo que se dijo y sobre todo por qu\u00e9 se dijo, porque un golpe de estado es un hecho que puede cambiar toda la historia del pa\u00eds.<br \/>Sobre todo porque golpe de estado es un hecho repentino y generalmente violento, llevado a cabo por un grupo de poder para apoderarse del poder pol\u00edtico derrocando a un gobernante leg\u00edtimo ,violentando el \u00a0 orden constitucional\u00a0 para terminar generalmente en una dictadura.<br \/>El asunto se enreda m\u00e1s ,porque un golpe de estado puede tener un origen civil o militar y en los dos casos crea un escenario terrible . <br \/>Si de suyo el tema es complicado lo es m\u00e1s cuando comentaristas como Federico Arreola que escribi\u00f3: &#8220;la mala: 10 ensayos golpistas. La buena: Andr\u00e9s Manuel y la 4T ya descubrieron a sus autores y los van a neutralizar&#8221;&#8230; Y hace un an\u00e1lisis en que lo mismo hay golpistas en la prensa, que en la iniciativa privada y para ello ve culpables con esa intenci\u00f3n hasta en el caso del hijo del Chapo, con la advertencia de que lo piensen porque las oficinas de Inteligencia del estado mexicano les est\u00e1n siguiendo los pasos.<br \/>Confuso el panorama porque cuando surgen los int\u00e9rpretes el asunto se enreda m\u00e1s, porque generalmente se rema del\u00a0 lado que\u00a0 conviene y no necesariamente del correcto.<br \/>Por lo pronto la reacci\u00f3n de los pol\u00edticos y partidos ha sido muy fuerte exigiendo que se ponga claridad en este tema. Por el tema y sus implicaciones es oportuno que se haga luz, sobre esto del golpe de estado y proceder en consecuencia, pero dejar todo a la libre interpretaci\u00f3n es hasta peligroso para La Paz Social.<br \/>Seguramente, el Presidente abordar\u00e1 el tema en alguna de sus conferencias ma\u00f1aneras y no har\u00eda mal.<br \/>Se pueden pensar muchas cosas sobre esta cuesti\u00f3n, pero lo cierto es que s\u00f3lo el Presidente sabe c\u00f3mo est\u00e1 este escenario y el que sabe porque habl\u00f3 del golpe de estado.<br \/>Es la oportunidad de hacer valer la legalidad,el valor de las instituciones y la voluntad ciudadana.<\/p>\n<p><\/p>\n","protected":false},"excerpt":{"rendered":"<p>\u00bfGOLPE DE ESTADO?<\/p>\n","protected":false},"author":93,"featured_media":0,"comment_status":"open","ping_status":"open","sticky":false,"template":"","format":"standard","meta":{"footnotes":""},"categories":[48],"tags":[],"class_list":["post-93701","post","type-post","status-publish","format-standard","hentry","category-adalberto-peralta"],"_links":{"self":[{"href":"https:\/\/plazajuarez.mx\/historico\/wp-json\/wp\/v2\/posts\/93701","targetHints":{"allow":["GET"]}}],"collection":[{"href":"https:\/\/plazajuarez.mx\/historico\/wp-json\/wp\/v2\/posts"}],"about":[{"href":"https:\/\/plazajuarez.mx\/historico\/wp-json\/wp\/v2\/types\/post"}],"author":[{"embeddable":true,"href":"https:\/\/plazajuarez.mx\/historico\/wp-json\/wp\/v2\/users\/93"}],"replies":[{"embeddable":true,"href":"https:\/\/plazajuarez.mx\/historico\/wp-json\/wp\/v2\/comments?post=93701"}],"version-history":[{"count":0,"href":"https:\/\/plazajuarez.mx\/historico\/wp-json\/wp\/v2\/posts\/93701\/revisions"}],"wp:attachment":[{"href":"https:\/\/plazajuarez.mx\/historico\/wp-json\/wp\/v2\/media?parent=93701"}],"wp:term":[{"taxonomy":"category","embeddable":true,"href":"https:\/\/plazajuarez.mx\/historico\/wp-json\/wp\/v2\/categories?post=93701"},{"taxonomy":"post_tag","embeddable":true,"href":"https:\/\/plazajuarez.mx\/historico\/wp-json\/wp\/v2\/tags?post=93701"}],"curies":[{"name":"wp","href":"https:\/\/api.w.org\/{rel}","templated":true}]}}