{"id":93698,"date":"2019-11-04T14:50:33","date_gmt":"2019-11-04T14:50:33","guid":{"rendered":"http:\/\/plazajuarez.mx\/index\/index.php\/2019\/11\/04\/conciencia-ciudadana-13\/"},"modified":"2019-11-04T14:50:33","modified_gmt":"2019-11-04T14:50:33","slug":"conciencia-ciudadana-13","status":"publish","type":"post","link":"https:\/\/plazajuarez.mx\/historico\/conciencia-ciudadana-13\/","title":{"rendered":"Conciencia Ciudadana"},"content":{"rendered":"<p>\u00a0\u00a0\u00a0 \u2022\u00a0\u00a0 \u00a0Poder y prensa: una nueva relaci\u00f3n\u00a0\u2028<\/p>\n<p>  <!--more-->  <\/p>\n<p>Hay un problema de fondo en la relaci\u00f3n entre el Presidente de la Rep\u00fablica y\u00a0 la oligarqu\u00eda medi\u00e1tica\u00a0 que no tiene que ver con las formas ni los procedimientos con que usualmente han de tratarse dos poderes que dialogan; sino en la incapacidad del poder del dinero para entender que las cosas han cambiado y que el control de la opini\u00f3n p\u00fablica ya no se encuentra en sus manos.\u00a0 <br \/>No, no es la incomprensi\u00f3n lo que separa al mandatario y al conjunto de reporteros de la fuente presidencial como se piensa tras los deplorables encuentros en las Ma\u00f1aneras. Se trata de una diferencia mayor, una separaci\u00f3n m\u00e1s profunda entre el gobernante y los medios; algo que tiene que ver con la forma en que cada una de las partes comprende su papel social y sus responsabilidades y por ende, los l\u00edmites y las posibilidades de sus tareas. <br \/>El presidente de M\u00e9xico es, a querer o no, el representante de la naci\u00f3n y, como nunca antes lo es debido a un gran rechazo ciudadano a la forma de gobernar de anta\u00f1o; lo que llev\u00f3 a AMLO a cambiar\u00a0 las viejas pr\u00e1cticas\u00a0 con las que sus antecesores mantuvieron el control pol\u00edtico y social mediante el uso y la manipulaci\u00f3n de los medios de comunicaci\u00f3n social. <br \/>\u00a0Al igual que los dem\u00e1s espacios de poder del M\u00e9xico viejo (viejo a partir del primero de diciembre del a\u00f1o pasado);\u00a0 la de la comunicaci\u00f3n se bas\u00f3 en un sometimiento de los medios a la Presidencia de la Rep\u00fablica en lo federal y a los gobiernos locales en lo estatal. Bajo esa premisa, los gobernantes pod\u00edan actuar impunemente porque contaban con una prensa y una televisi\u00f3n a modo que hac\u00edan\u00a0 como que informaban cuando en realidad s\u00f3lo coadyuvaban a mantener el estado de cosas a conveniencia de la clase gobernante; mientras la conciencia ciudadana luchaba infructuosamente por encontrar los resquicios para informarse convenientemente. <br \/>El ascenso de Andr\u00e9s Manuel L\u00f3pez Obrador plante\u00f3 una crisis para ese modelo,\u00a0 in\u00fatil en t\u00e9rminos pr\u00e1cticos, pues de querer, hubiera podido manejarlos a su antojo.\u00a0 Pero pudi\u00e9ndolo hacer, no lo hizo; sino, por el contrario, disminuy\u00f3 en m\u00e1s de la mitad el presupuesto p\u00fablico destinado a la publicidad oficial en los medios de comunicaci\u00f3n; desapareci\u00f3 las oficinas de comunicaci\u00f3n social en todas las secretarias y prohibi\u00f3 los viciosos usos y costumbres hasta entonces vigentes en el trato con directores de medios y reporteros. En otras palabras, act\u00fao de acuerdo con una nueva \u00e9tica del poder para la que la comunicaci\u00f3n social\u00a0 ha de garantizar la verdad, la claridad y la oportunidad de informaci\u00f3n a toda la sociedad y no solo a las minor\u00edas poderosas.\u00a0\u00a0 <br \/>En ese mismo sentido, el Presidente estableci\u00f3 -como antes lo hizo en el gobierno del D.F.-, la pol\u00edtica de brindar una conferencia de prensa diaria a todos los medios p\u00fablicos, privados y sociales de comunicaci\u00f3n masiva sin distinci\u00f3n de filias y fobias pol\u00edticas; en la que los reporteros de las principales cadenas de prensa, radio y televisi\u00f3n privada han sido sus m\u00e1s acuciosos cr\u00edticos, cuestion\u00e1ndolo sin cortapisa alguna, ni ser molestados en sus personas por sus opiniones. Jam\u00e1s en la historia de M\u00e9xico ocurri\u00f3 que en el centro del poder mismo, un primer mandatario y un grupo variopinto de reporteros de los medios (junto con algunos youtubers a\u00fan en minor\u00eda), intercambiaran a veces de manera apasionada y hasta exaltada, sus puntos de vista en torno a los problemas y toma de decisiones p\u00fablicas de la naci\u00f3n frente a la opini\u00f3n p\u00fablica, que, se calcula, alcanza casi siempre una audiencia mayor a las 3 millones de personas; haci\u00e9ndolo quiz\u00e1 el programa m\u00e1s visto no solo de M\u00e9xico, sino del planeta entero.\u00a0 <br \/>La sociedad mexicana salt\u00f3 pues, de repente, de un estado de cosas donde la informaci\u00f3n oficial saturaba a la opini\u00f3n p\u00fablica con mensajes y programas patrocinados con el dinero p\u00fablico, \u00a0 derramando\u00a0 generosos caudales a los medios de comunicaci\u00f3n; a otro donde los recursos han dejado de utilizarse para la componenda, sin que por ello\u00a0 el\u00a0 gobierno se quede incomunicado; ni los medios privados tengan en sus manos, como anta\u00f1o, la posibilidad absoluta de informar a la opini\u00f3n p\u00fablica lo que mejor le convenga a ellos y sus patrocinadores. <br \/>Sin embargo, no es f\u00e1cil que los desplazados del poder medi\u00e1tico\u00a0 cedan tan f\u00e1cilmente. Los conflictos crecientes entre el presidente y los reporteros de los medios en las \u00faltimas conferencias ma\u00f1aneras as\u00ed lo indican. No son \u00e9stos, sin embargo, \u00a0 quienes plantean el problema mayor con sus desplantes y hasta falta de respeto a la investidura presidencial; eso lo comprende Andr\u00e9s Manuel,\u00a0 quien aguanta hasta el l\u00edmite de lo permitido a quienes\u00a0 no pueden demostrar, en las actuales circunstancias, el debido comportamiento y respeto a su autoridad. En realidad, son sus patrones y la elite olig\u00e1rquico\/financiera quienes corrompen y manipulan a los m\u00e1s d\u00e9biles de los trabajadores de la comunicaci\u00f3n, la verdadera mano que mece la cuna y\u00a0 trabaja\u00a0 incansablemente tratando de mellar la credibilidad popular del el \u00fanico presidente que se ha atrevido a abrir la discusi\u00f3n con los medios de manera total.\u00a0\u00a0\u00a0 <br \/>Pero el efecto ha sido contrario a lo que esperan: cada vez m\u00e1s la prensa y la televisi\u00f3n\u00a0 que creci\u00f3 a la sombra del presupuesto p\u00fablico va perdiendo la atenci\u00f3n y el respeto de la opini\u00f3n p\u00fablica cada vez m\u00e1s enterada y politizada y, por tanto, esc\u00e9ptica de toda informaci\u00f3n que huela a bolet\u00edn informativo o a promoci\u00f3n comercial y que, por lo dem\u00e1s hoy cuenta con las redes sociales para informarse, por m\u00e1s que \u00e9stas\u00a0 tambi\u00e9n puedan ser manipuladas. As\u00ed pues, a pesar de los embates y de los enfrentamientos que seguir\u00e1n d\u00e1ndose entre el presidente y los due\u00f1os de los medios\u00a0 (y no con sus empleados),\u00a0 aqu\u00e9l\u00a0 seguir\u00e1 contando con un amplio margen de maniobra y sobre todo, de credibilidad den la opini\u00f3n p\u00fablica, pieza fundamental para la cuarta transformaci\u00f3n en proceso. <br \/>Y RECUERDEN QUE VIVOS SE LOS LLEVARON Y VIVOS LOS QUEREMOS CON NOSOTROS.\u00a0 <\/p>\n<p><\/p>\n","protected":false},"excerpt":{"rendered":"<p>\u00a0\u00a0\u00a0 \u2022\u00a0\u00a0 \u00a0Poder y prensa: una nueva relaci\u00f3n\u00a0\u2028<\/p>\n","protected":false},"author":93,"featured_media":0,"comment_status":"open","ping_status":"open","sticky":false,"template":"","format":"standard","meta":{"footnotes":""},"categories":[55],"tags":[],"class_list":["post-93698","post","type-post","status-publish","format-standard","hentry","category-miguel-angel-serna"],"_links":{"self":[{"href":"https:\/\/plazajuarez.mx\/historico\/wp-json\/wp\/v2\/posts\/93698","targetHints":{"allow":["GET"]}}],"collection":[{"href":"https:\/\/plazajuarez.mx\/historico\/wp-json\/wp\/v2\/posts"}],"about":[{"href":"https:\/\/plazajuarez.mx\/historico\/wp-json\/wp\/v2\/types\/post"}],"author":[{"embeddable":true,"href":"https:\/\/plazajuarez.mx\/historico\/wp-json\/wp\/v2\/users\/93"}],"replies":[{"embeddable":true,"href":"https:\/\/plazajuarez.mx\/historico\/wp-json\/wp\/v2\/comments?post=93698"}],"version-history":[{"count":0,"href":"https:\/\/plazajuarez.mx\/historico\/wp-json\/wp\/v2\/posts\/93698\/revisions"}],"wp:attachment":[{"href":"https:\/\/plazajuarez.mx\/historico\/wp-json\/wp\/v2\/media?parent=93698"}],"wp:term":[{"taxonomy":"category","embeddable":true,"href":"https:\/\/plazajuarez.mx\/historico\/wp-json\/wp\/v2\/categories?post=93698"},{"taxonomy":"post_tag","embeddable":true,"href":"https:\/\/plazajuarez.mx\/historico\/wp-json\/wp\/v2\/tags?post=93698"}],"curies":[{"name":"wp","href":"https:\/\/api.w.org\/{rel}","templated":true}]}}