{"id":93697,"date":"2019-11-04T14:50:32","date_gmt":"2019-11-04T14:50:32","guid":{"rendered":"http:\/\/plazajuarez.mx\/index\/index.php\/2019\/11\/04\/trump-en-el-banquillo-de-los-acusados\/"},"modified":"2019-11-04T14:50:32","modified_gmt":"2019-11-04T14:50:32","slug":"trump-en-el-banquillo-de-los-acusados","status":"publish","type":"post","link":"https:\/\/plazajuarez.mx\/historico\/trump-en-el-banquillo-de-los-acusados\/","title":{"rendered":"Trump en el banquillo de los acusados"},"content":{"rendered":"<p>El presidente de los Estados Unidos, Donald Trump, ha desafiado a los ciudadanos, a la comunidad internacional y a las instituciones multilaterales en el mundo.<\/p>\n<p>  <!--more-->  <\/p>\n<p>Hoy el presidente estadounidense est\u00e1 en la cuerda floja y esta vez frente a un verdadero problema, frente a sus aspiraciones presidenciales de reelegirse; pues se ha iniciado oficialmente el procedimiento de juicio pol\u00edtico en su contra.<br \/>No hay escapatoria, no se trata s\u00f3lo de los dem\u00f3cratas, no, incluso los republicanos han apoyado el procedimiento legislativo en su contra. La C\u00e1mara de Representantes ha adoptado finalmente una resoluci\u00f3n que establece las reglas de procedimiento; el texto propuesto fue votado por una gran mayor\u00eda, 232 votos a favor y 196 en contra, suficientes para abrir el juicio pol\u00edtico en su contra; ins\u00f3litamente, 2 dem\u00f3cratas votaron en contra de la resoluci\u00f3n, en tanto que ning\u00fan republicano la apoy\u00f3.<br \/>Los medios indican que los dem\u00f3cratas no estaban obligados a votar, pues la ley estadounidense y las normas de la C\u00e1mara dicen que el proceso puede llevarse a cabo incluso sin \u00e9l. Los republicanos, sin embargo, desafiaron este punto, bas\u00e1ndose en procedimientos de destituci\u00f3n previos, incluido el realizado contra el ex presidente Bill Clinton, que hab\u00eda comenzado con una resoluci\u00f3n de la C\u00e1mara, pero al final no hubo forma de postergar lo inevitable y estrat\u00e9gicamente planeado por los dem\u00f3cratas, contra un presidente que ha cometido muchos errores en sus ambiciosas aspiraciones de gobernar el mundo.<br \/>La historia de este follet\u00f3n contra el presidente Trump indica que los dem\u00f3cratas y su l\u00edder en la C\u00e1mara, Nancy Pelosi, se negaron inicialmente porque quer\u00edan actuar r\u00e1pidamente, pero terminaron cediendo a la transparencia y razones estrat\u00e9gicas. La resoluci\u00f3n final les permitir\u00e1 celebrar audiencias p\u00fablicas, que hasta ahora se han llevado a cabo a puerta cerrada y, seguramente, les dar\u00e1 muchos votos en las pr\u00f3ximas elecciones, al poner al descubierto la verdadera esencia de un presidente estadounidense sin escr\u00fapulos; lo cual ser\u00e1 una forma de demostrar su unidad como partido, aun cuando no todos est\u00e9n convencidos de la utilidad de un procedimiento de juicio pol\u00edtico contra el mandatario.<br \/>Nancy Pelosi dijo antes de la votaci\u00f3n: \u201cEs un d\u00eda triste porque nadie deber\u00eda ir al Congreso para destituir al presidente de los Estados Unidos\u2026 Nada puede hacer m\u00e1s da\u00f1o a Donald Trump que los procedimientos de juicio pol\u00edtico\u2026\u201d, como una manera de justificar un golpe directo al coraz\u00f3n de un hombre que ha hecho todo por llegar al poder. Ahora la resoluci\u00f3n debe permitir a los republicanos acceder al archivo y organizar su defensa; mientras que los abogados de la Casa Blanca podr\u00e1n asistir a audiencias y solicitar la audiencia de testigos, todo un circo que puede llevar varias semanas y manchar las aspiraciones presidenciales del presidente Trump.<\/p>\n","protected":false},"excerpt":{"rendered":"<p>El presidente de los Estados Unidos, Donald Trump, ha desafiado a los ciudadanos, a la comunidad internacional y a las instituciones multilaterales en el mundo.<\/p>\n","protected":false},"author":93,"featured_media":0,"comment_status":"open","ping_status":"open","sticky":false,"template":"","format":"standard","meta":{"footnotes":""},"categories":[45],"tags":[],"class_list":["post-93697","post","type-post","status-publish","format-standard","hentry","category-jose-luis-ortiz-santillan"],"_links":{"self":[{"href":"https:\/\/plazajuarez.mx\/historico\/wp-json\/wp\/v2\/posts\/93697","targetHints":{"allow":["GET"]}}],"collection":[{"href":"https:\/\/plazajuarez.mx\/historico\/wp-json\/wp\/v2\/posts"}],"about":[{"href":"https:\/\/plazajuarez.mx\/historico\/wp-json\/wp\/v2\/types\/post"}],"author":[{"embeddable":true,"href":"https:\/\/plazajuarez.mx\/historico\/wp-json\/wp\/v2\/users\/93"}],"replies":[{"embeddable":true,"href":"https:\/\/plazajuarez.mx\/historico\/wp-json\/wp\/v2\/comments?post=93697"}],"version-history":[{"count":0,"href":"https:\/\/plazajuarez.mx\/historico\/wp-json\/wp\/v2\/posts\/93697\/revisions"}],"wp:attachment":[{"href":"https:\/\/plazajuarez.mx\/historico\/wp-json\/wp\/v2\/media?parent=93697"}],"wp:term":[{"taxonomy":"category","embeddable":true,"href":"https:\/\/plazajuarez.mx\/historico\/wp-json\/wp\/v2\/categories?post=93697"},{"taxonomy":"post_tag","embeddable":true,"href":"https:\/\/plazajuarez.mx\/historico\/wp-json\/wp\/v2\/tags?post=93697"}],"curies":[{"name":"wp","href":"https:\/\/api.w.org\/{rel}","templated":true}]}}