{"id":93692,"date":"2019-11-03T19:34:17","date_gmt":"2019-11-03T19:34:17","guid":{"rendered":"http:\/\/plazajuarez.mx\/index\/index.php\/2019\/11\/03\/asalta-camioneta-de-transporte-publico-y-toma-un-rehen-en-cancun\/"},"modified":"2019-11-03T19:34:17","modified_gmt":"2019-11-03T19:34:17","slug":"asalta-camioneta-de-transporte-publico-y-toma-un-rehen-en-cancun","status":"publish","type":"post","link":"https:\/\/plazajuarez.mx\/historico\/asalta-camioneta-de-transporte-publico-y-toma-un-rehen-en-cancun\/","title":{"rendered":"Asalta camioneta de transporte p\u00fablico y toma un reh\u00e9n en Canc\u00fan"},"content":{"rendered":"<p style=\"text-align: justify;\">Los hechos ocurrieron a las 9 horas de este domingo en la carretera federal que va de este centro tur\u00edstico al coraz\u00f3n de la Riviera Maya.<\/p>\n<p>  <!--more-->  <\/p>\n<p style=\"text-align: justify;\">Un sujeto armado asalt\u00f3 una camioneta de transporte p\u00fablico que se dirig\u00eda de Canc\u00fan a Playa del Carmen, la ma\u00f1ana de hoy y, despu\u00e9s de despojar a las y los pasajeros de sus pertenencias, huyo llev\u00e1ndose consigo a una turista espa\u00f1ola, quien horas despu\u00e9s fue localizada.<\/p>\n<p style=\"text-align: justify;\">Los hechos ocurrieron a las 9 horas de este domingo en la carretera federal que va de este centro tur\u00edstico al coraz\u00f3n de la Riviera Maya.<\/p>\n<p style=\"text-align: justify;\">Extraoficialmente se inform\u00f3 que un hombre -no identificado a\u00fan- abord\u00f3 la camioneta de transporte p\u00fablico y, a la altura del hotel Iberostar, sac\u00f3 de su mochila un arma y asalt\u00f3 a las y los pasajeros, golpeando a cuatro de ellos.<\/p>\n<p style=\"text-align: justify;\">El asaltante oblig\u00f3 al chofer a girar el veh\u00edculo con direcci\u00f3n a Canc\u00fan y, en alg\u00fan punto de la carretera, descendi\u00f3 de la unidad, llev\u00e1ndose con \u00e9l a la turista espa\u00f1ola, quien horas despu\u00e9s fue localizada en esta ciudad.<\/p>\n<p style=\"text-align: justify;\">Sin dar mayores detalles, el asalto al transporte p\u00fablico fue confirmado esta tarde por el titular de la Secretar\u00eda de Seguridad P\u00fablica de Quintana Roo, Alberto Capella, quien a trav\u00e9s de su cuenta de twitter indic\u00f3 que la turista fue privada de su libertad, pero despu\u00e9s, liberada y en buen estado de salud.<\/p>\n","protected":false},"excerpt":{"rendered":"<p>Los hechos ocurrieron a las 9 horas de este domingo en la carretera federal que va de este centro tur\u00edstico al coraz\u00f3n de la Riviera Maya.<\/p>\n","protected":false},"author":1,"featured_media":0,"comment_status":"open","ping_status":"open","sticky":false,"template":"","format":"standard","meta":{"footnotes":""},"categories":[37],"tags":[],"class_list":["post-93692","post","type-post","status-publish","format-standard","hentry","category-barandilla"],"_links":{"self":[{"href":"https:\/\/plazajuarez.mx\/historico\/wp-json\/wp\/v2\/posts\/93692","targetHints":{"allow":["GET"]}}],"collection":[{"href":"https:\/\/plazajuarez.mx\/historico\/wp-json\/wp\/v2\/posts"}],"about":[{"href":"https:\/\/plazajuarez.mx\/historico\/wp-json\/wp\/v2\/types\/post"}],"author":[{"embeddable":true,"href":"https:\/\/plazajuarez.mx\/historico\/wp-json\/wp\/v2\/users\/1"}],"replies":[{"embeddable":true,"href":"https:\/\/plazajuarez.mx\/historico\/wp-json\/wp\/v2\/comments?post=93692"}],"version-history":[{"count":0,"href":"https:\/\/plazajuarez.mx\/historico\/wp-json\/wp\/v2\/posts\/93692\/revisions"}],"wp:attachment":[{"href":"https:\/\/plazajuarez.mx\/historico\/wp-json\/wp\/v2\/media?parent=93692"}],"wp:term":[{"taxonomy":"category","embeddable":true,"href":"https:\/\/plazajuarez.mx\/historico\/wp-json\/wp\/v2\/categories?post=93692"},{"taxonomy":"post_tag","embeddable":true,"href":"https:\/\/plazajuarez.mx\/historico\/wp-json\/wp\/v2\/tags?post=93692"}],"curies":[{"name":"wp","href":"https:\/\/api.w.org\/{rel}","templated":true}]}}