{"id":93691,"date":"2019-11-03T18:08:08","date_gmt":"2019-11-03T18:08:08","guid":{"rendered":"http:\/\/plazajuarez.mx\/index\/index.php\/2019\/11\/03\/cae-ceniza-del-popocatepetl-en-valle-de-chalco\/"},"modified":"2019-11-03T18:08:08","modified_gmt":"2019-11-03T18:08:08","slug":"cae-ceniza-del-popocatepetl-en-valle-de-chalco","status":"publish","type":"post","link":"https:\/\/plazajuarez.mx\/historico\/cae-ceniza-del-popocatepetl-en-valle-de-chalco\/","title":{"rendered":"Cae ceniza del Popocat\u00e9petl en Valle de Chalco"},"content":{"rendered":"<p style=\"text-align: justify;\">Este domingo se aprecia en parabrisas y carrocer\u00edas las cenizas que cayeron durante la noche del s\u00e1bado.<\/p>\n<p>  <!--more-->  <\/p>\n<p style=\"text-align: justify;\">Durante la ma\u00f1ana de este domingo, el volc\u00e1n Popocat\u00e9petl registr\u00f3 una nueva explosi\u00f3n que provoc\u00f3 la ca\u00edda de ceniza en los alrededores del coloso, sin embargo, el Sem\u00e1foro de Alerta del Popocat\u00e9petl se mantiene en Amarillo Fase 2.<\/p>\n<p style=\"text-align: justify;\">Ante estos hechos, el coordinador General de Protecci\u00f3n Civil del Estado de M\u00e9xico, Luis Felipe Puente, inform\u00f3 que se reporta ca\u00edda de ceniza en el municipio de Valle de Chalco. Pidi\u00f3 cubrir nariz y boca con un pa\u00f1uelo h\u00famedo o cubrebocas.<\/p>\n<p style=\"text-align: justify;\">El Centro Nacional de Prevenci\u00f3n de Desastres (Cenapred) inform\u00f3 que la madrugada de este domingo el volc\u00e1n Popocat\u00e9petl continu\u00f3 con intensa actividad.<\/p>\n<p style=\"text-align: justify;\">Este domingo se aprecia en parabrisas y carrocer\u00edas las cenizas que cayeron durante la noche del s\u00e1bado.<\/p>\n<p style=\"text-align: justify;\">\u201cDurante la noche del s\u00e1bado, se registr\u00f3 ca\u00edda de ceniza del Popocat\u00e9petl en Tl\u00e1huac, Tlalpan y Xochimilco\u201d, inform\u00f3 la Secretar\u00eda de Gesti\u00f3n Integral de Riesgos y Protecci\u00f3n Civil de la Ciudad de M\u00e9xico.<\/p>\n<p style=\"text-align: justify;\">La dependencia capitalina advirti\u00f3 que para la noche de ese s\u00e1bado tambi\u00e9n se mantiene alta la probabilidad de ca\u00edda de ceniza en las alcald\u00edas del sur y oriente de la capital del pa\u00eds.<\/p>\n<p style=\"text-align: justify;\">Ante ello, exhort\u00f3 a la poblaci\u00f3n a mantenerse informada; cubrir nariz y boca con pa\u00f1uelo o con cubreboca, limpiar ojos y garganta con agua pura; as\u00ed como a utilizar lentes de armaz\u00f3n para evitar la irritaci\u00f3n ocular.<\/p>\n","protected":false},"excerpt":{"rendered":"<p>Este domingo se aprecia en parabrisas y carrocer\u00edas las cenizas que cayeron durante la noche del s\u00e1bado.<\/p>\n","protected":false},"author":1,"featured_media":0,"comment_status":"open","ping_status":"open","sticky":false,"template":"","format":"standard","meta":{"footnotes":""},"categories":[36],"tags":[],"class_list":["post-93691","post","type-post","status-publish","format-standard","hentry","category-nacion"],"_links":{"self":[{"href":"https:\/\/plazajuarez.mx\/historico\/wp-json\/wp\/v2\/posts\/93691","targetHints":{"allow":["GET"]}}],"collection":[{"href":"https:\/\/plazajuarez.mx\/historico\/wp-json\/wp\/v2\/posts"}],"about":[{"href":"https:\/\/plazajuarez.mx\/historico\/wp-json\/wp\/v2\/types\/post"}],"author":[{"embeddable":true,"href":"https:\/\/plazajuarez.mx\/historico\/wp-json\/wp\/v2\/users\/1"}],"replies":[{"embeddable":true,"href":"https:\/\/plazajuarez.mx\/historico\/wp-json\/wp\/v2\/comments?post=93691"}],"version-history":[{"count":0,"href":"https:\/\/plazajuarez.mx\/historico\/wp-json\/wp\/v2\/posts\/93691\/revisions"}],"wp:attachment":[{"href":"https:\/\/plazajuarez.mx\/historico\/wp-json\/wp\/v2\/media?parent=93691"}],"wp:term":[{"taxonomy":"category","embeddable":true,"href":"https:\/\/plazajuarez.mx\/historico\/wp-json\/wp\/v2\/categories?post=93691"},{"taxonomy":"post_tag","embeddable":true,"href":"https:\/\/plazajuarez.mx\/historico\/wp-json\/wp\/v2\/tags?post=93691"}],"curies":[{"name":"wp","href":"https:\/\/api.w.org\/{rel}","templated":true}]}}